{"id":86056,"date":"2015-11-15T09:08:53","date_gmt":"2015-11-15T12:08:53","guid":{"rendered":"http:\/\/senoticias.com.br\/se\/?p=86056"},"modified":"2015-11-15T10:23:20","modified_gmt":"2015-11-15T13:23:20","slug":"policia-prende-dupla-apos-roubo-de-celular-no-augusto-franco","status":"publish","type":"post","link":"https:\/\/senoticias.com.br\/se\/policia-prende-dupla-apos-roubo-de-celular-no-augusto-franco\/","title":{"rendered":"Pol\u00edcia prende dupla ap\u00f3s roubo de celular no Augusto Franco"},"content":{"rendered":"<p style=\"text-align: justify;\">A Pol\u00edcia Militar do Estado de Sergipe, por meio do 1\u00ba Batalh\u00e3o de Pol\u00edcia Militar (1\u00ba BPCom), prendeu na tarde da sexta-feira, 13, na Avenida Canal 5, no conjunto Augusto Franco, uma dupla que estava numa motocicleta roubada e acabara de roubar o celular de uma pedestre.<\/p>\n<div id=\"attachment_86065\" style=\"width: 608px\" class=\"wp-caption aligncenter\"><a href=\"http:\/\/senoticias.com.br\/se\/wp-content\/uploads\/2015\/11\/motoaugustofranco-e1447593785147.jpg\"><img loading=\"lazy\" decoding=\"async\" aria-describedby=\"caption-attachment-86065\" class=\"size-full wp-image-86065\" alt=\"Dupla estava numa motocicleta roubada e acabara de roubar o celular de uma pedestre.(Foto: PM\/SE)\" src=\"http:\/\/senoticias.com.br\/se\/wp-content\/uploads\/2015\/11\/motoaugustofranco-e1447593785147.jpg\" width=\"598\" height=\"1063\" \/><\/a><p id=\"caption-attachment-86065\" class=\"wp-caption-text\">Dupla estava numa motocicleta roubada e acabara de roubar o celular de uma pedestre.(Foto: PM\/SE)<\/p><\/div>\n<p style=\"text-align: justify;\"><strong>Acompanhe o SE Not\u00edcias no\u00a0<a href=\"https:\/\/twitter.com\/Senoticias\" target=\"_blank\">Twitter\u00a0<\/a>e no\u00a0<a href=\"https:\/\/www.facebook.com\/PortalSENoticias\/\" target=\"_blank\">Facebook<\/a><\/strong><\/p>\n<p style=\"text-align: justify;\">Por volta das 13h30, policiais militares da guarni\u00e7\u00e3o Elefante Comando faziam rondas pelo conjunto Augusto Franco, quando avistaram uma dupla de motocicleta subtrair o celular de uma mulher que estava no ponto de \u00f4nibus.<\/p>\n<p style=\"text-align: justify;\">Imediatamente, os PMs partiram em buscas, at\u00e9 localizar e interceptar Alas de Ara\u00fajo Silva e Luiz Alves Correia Filho. Durante a a\u00e7\u00e3o, constatou-se que a moto Suzuki, de cor vermelha, usada por eles, tinha restri\u00e7\u00e3o de roubo. Diante do ocorrido, v\u00edtimas, autores e produto de roubo foram levados \u00e0 4\u00aa Delegacia Metropolitana.<\/p>\n<p style=\"text-align: justify;\"><em><strong>Ascom\/PM\/SE<\/strong><\/em><\/p>\n","protected":false},"excerpt":{"rendered":"<p>A Pol\u00edcia Militar do Estado de Sergipe, por meio do 1\u00ba Batalh\u00e3o de Pol\u00edcia Militar (1\u00ba BPCom), prendeu na tarde da sexta-feira, 13, na Avenida Canal 5, no conjunto Augusto Franco, uma dupla que estava numa motocicleta roubada e acabara de roubar o celular de uma pedestre. Acompanhe o SE Not\u00edcias no\u00a0Twitter\u00a0e no\u00a0Facebook Por volta [&hellip;]<\/p>\n","protected":false},"author":1,"featured_media":86065,"comment_status":"closed","ping_status":"closed","sticky":false,"template":"","format":"standard","meta":{"footnotes":""},"categories":[7],"tags":[],"class_list":{"0":"post-86056","1":"post","2":"type-post","3":"status-publish","4":"format-standard","5":"has-post-thumbnail","7":"category-policia"},"_links":{"self":[{"href":"https:\/\/senoticias.com.br\/se\/wp-json\/wp\/v2\/posts\/86056"}],"collection":[{"href":"https:\/\/senoticias.com.br\/se\/wp-json\/wp\/v2\/posts"}],"about":[{"href":"https:\/\/senoticias.com.br\/se\/wp-json\/wp\/v2\/types\/post"}],"author":[{"embeddable":true,"href":"https:\/\/senoticias.com.br\/se\/wp-json\/wp\/v2\/users\/1"}],"replies":[{"embeddable":true,"href":"https:\/\/senoticias.com.br\/se\/wp-json\/wp\/v2\/comments?post=86056"}],"version-history":[{"count":0,"href":"https:\/\/senoticias.com.br\/se\/wp-json\/wp\/v2\/posts\/86056\/revisions"}],"wp:featuredmedia":[{"embeddable":true,"href":"https:\/\/senoticias.com.br\/se\/wp-json\/wp\/v2\/media\/86065"}],"wp:attachment":[{"href":"https:\/\/senoticias.com.br\/se\/wp-json\/wp\/v2\/media?parent=86056"}],"wp:term":[{"taxonomy":"category","embeddable":true,"href":"https:\/\/senoticias.com.br\/se\/wp-json\/wp\/v2\/categories?post=86056"},{"taxonomy":"post_tag","embeddable":true,"href":"https:\/\/senoticias.com.br\/se\/wp-json\/wp\/v2\/tags?post=86056"}],"curies":[{"name":"wp","href":"https:\/\/api.w.org\/{rel}","templated":true}]}}