{"id":86052,"date":"2015-11-14T23:23:55","date_gmt":"2015-11-15T02:23:55","guid":{"rendered":"http:\/\/senoticias.com.br\/se\/?p=86052"},"modified":"2015-11-14T23:27:48","modified_gmt":"2015-11-15T02:27:48","slug":"guarany-segura-empate-e-se-garante-na-primeira-divisao","status":"publish","type":"post","link":"https:\/\/senoticias.com.br\/se\/guarany-segura-empate-e-se-garante-na-primeira-divisao\/","title":{"rendered":"Guarany segura empate e se garante na primeira divis\u00e3o"},"content":{"rendered":"<p style=\"text-align: justify;\"><strong><em>Por Igor Matheus<\/em><\/strong><\/p>\n<p style=\"text-align: justify;\">O Guarany de Porto da Folha foi o primeiro time da segunda divis\u00e3o a se garantir na primeira divis\u00e3o do campeonato sergipano 2016. Neste s\u00e1bado, 14, o time alviverde conseguiu segurar um empate em 1 a 1 com o Ol\u00edmpico no est\u00e1dio Souz\u00e3o, em Itabaianinha, se garantiu na elite do ano que vem e ainda passou \u00e0 grande final da competi\u00e7\u00e3o com\u00a0<strong><a href=\"http:\/\/www.infonet.com.br\/esporte\/ler.asp?id=179689&amp;pagina=1\">o Dorense<\/a><\/strong>. A primeira partida da final ser\u00e1 no dia 21 de novembro em local ainda a ser confirmado.<\/p>\n<div id=\"attachment_86054\" style=\"width: 608px\" class=\"wp-caption aligncenter\"><a href=\"http:\/\/senoticias.com.br\/se\/wp-content\/uploads\/2015\/11\/grande-seriea2gua2015-e1447554409490.jpg\"><img loading=\"lazy\" decoding=\"async\" aria-describedby=\"caption-attachment-86054\" class=\"size-full wp-image-86054\" alt=\"Elenco alviverde faz a festa: acesso (foto: Igor Matheus\/ Portal Infonet)\" src=\"http:\/\/senoticias.com.br\/se\/wp-content\/uploads\/2015\/11\/grande-seriea2gua2015-e1447554409490.jpg\" width=\"598\" height=\"397\" \/><\/a><p id=\"caption-attachment-86054\" class=\"wp-caption-text\">Elenco alviverde faz a festa: acesso (foto: Igor Matheus\/ Portal Infonet)<\/p><\/div>\n<p style=\"text-align: justify;\">No jogo de ida, o Guarany havia vencido o Ol\u00edmpico por 1 a 0 e poderia at\u00e9 perder por um gol de diferen\u00e7a que ainda passaria. Mas sem relaxar diante da vantagem, foi o time de Porto da Folha que abriu o placar aos 34 minutos do primeiro tempo. Ap\u00f3s bate e rebate na \u00e1rea, Andr\u00e9 Vieira aproveitou uma sobra e colocou de carrinho dentro do gol: Guarany 1 a 0.<\/p>\n<p style=\"text-align: justify;\">Na segunda etapa, entretanto, o Ol\u00edmpico reagiu. Logo aos 3 minutos, a bola bateu no bra\u00e7o do zagueiro Tiago e o juiz deu p\u00eanalti para os donos da casa. Capela foi para a cobran\u00e7a e converteu: 1 a 1. Mas apesar dos esfor\u00e7os do Ol\u00edmpico, que dominou completamente o segundo tempo, nenhum outro gol saiu at\u00e9 o apito final.<\/p>\n<p style=\"text-align: justify;\">T\u00e9cnico do Guarany, Vitor Feitosa exaltou a classifica\u00e7\u00e3o e o acesso \u00e0 primeira divis\u00e3o. \u201cSab\u00edamos que seria dif\u00edcil chegar a esse resultado. Usamos um elenco da casa mesmo, da base, mas tamb\u00e9m sab\u00edamos que t\u00ednhamos condi\u00e7\u00f5es. Com essa torcida maravilhosa, o Guarany nunca deveria ter sa\u00eddo da primeira divis\u00e3o. E agora vamos buscar o t\u00edtulo\u201d.<\/p>\n<p style=\"text-align: justify;\"><strong>Acompanhe o SE Not\u00edcias no\u00a0<a href=\"https:\/\/twitter.com\/Senoticias\" target=\"_blank\">Twitter\u00a0<\/a>e no\u00a0<a href=\"https:\/\/www.facebook.com\/PortalSENoticias\/\" target=\"_blank\">Facebook<\/a><\/strong><\/p>\n<p><strong>FICHA T\u00c9CNICA<\/strong><\/p>\n<p>OL\u00cdMPICO 1 x 1 GUARANY<br \/>\nGols: Andr\u00e9 Vieira (34\u2019 1t), Capela (3\u2019 2t)<br \/>\n<strong>GUARANY<\/strong><br \/>\nCl\u00e9sio, Alexsandro, Matheus (Paulinho), Tiago Santos, Leonardo, C\u00edcero, Naldinho, Gilvan, Andr\u00e9 Vieira, Eliomar, Tiago (Curel)<\/p>\n<p><strong>OL\u00cdMPICO<\/strong><br \/>\nIvan, Ney Maruim, Lelo, Claudio Baiano, Piau (Eric), Geovani, Diego Renato. Carlinhos, Ren\u00ea (Udson), Capela, Juninho (Eduardo)<\/p>\n<p>Cart\u00f5es amarelos: Naldinho, Ney Maruim, Juninho<br \/>\nP\u00fablico pagante: 451<br \/>\nRenda: R$ 4510<\/p>\n<p><strong><em>Por Igor Matheus, Infonet<\/em><\/strong><\/p>\n","protected":false},"excerpt":{"rendered":"<p>Por Igor Matheus O Guarany de Porto da Folha foi o primeiro time da segunda divis\u00e3o a se garantir na primeira divis\u00e3o do campeonato sergipano 2016. Neste s\u00e1bado, 14, o time alviverde conseguiu segurar um empate em 1 a 1 com o Ol\u00edmpico no est\u00e1dio Souz\u00e3o, em Itabaianinha, se garantiu na elite do ano que [&hellip;]<\/p>\n","protected":false},"author":3,"featured_media":86054,"comment_status":"closed","ping_status":"closed","sticky":false,"template":"","format":"standard","meta":{"footnotes":""},"categories":[26],"tags":[],"class_list":{"0":"post-86052","1":"post","2":"type-post","3":"status-publish","4":"format-standard","5":"has-post-thumbnail","7":"category-esportes"},"_links":{"self":[{"href":"https:\/\/senoticias.com.br\/se\/wp-json\/wp\/v2\/posts\/86052"}],"collection":[{"href":"https:\/\/senoticias.com.br\/se\/wp-json\/wp\/v2\/posts"}],"about":[{"href":"https:\/\/senoticias.com.br\/se\/wp-json\/wp\/v2\/types\/post"}],"author":[{"embeddable":true,"href":"https:\/\/senoticias.com.br\/se\/wp-json\/wp\/v2\/users\/3"}],"replies":[{"embeddable":true,"href":"https:\/\/senoticias.com.br\/se\/wp-json\/wp\/v2\/comments?post=86052"}],"version-history":[{"count":0,"href":"https:\/\/senoticias.com.br\/se\/wp-json\/wp\/v2\/posts\/86052\/revisions"}],"wp:featuredmedia":[{"embeddable":true,"href":"https:\/\/senoticias.com.br\/se\/wp-json\/wp\/v2\/media\/86054"}],"wp:attachment":[{"href":"https:\/\/senoticias.com.br\/se\/wp-json\/wp\/v2\/media?parent=86052"}],"wp:term":[{"taxonomy":"category","embeddable":true,"href":"https:\/\/senoticias.com.br\/se\/wp-json\/wp\/v2\/categories?post=86052"},{"taxonomy":"post_tag","embeddable":true,"href":"https:\/\/senoticias.com.br\/se\/wp-json\/wp\/v2\/tags?post=86052"}],"curies":[{"name":"wp","href":"https:\/\/api.w.org\/{rel}","templated":true}]}}