{"id":86051,"date":"2015-11-14T13:56:37","date_gmt":"2015-11-14T16:56:37","guid":{"rendered":"http:\/\/senoticias.com.br\/se\/?p=86051"},"modified":"2015-11-14T13:56:37","modified_gmt":"2015-11-14T16:56:37","slug":"ifs-aplica-prova-para-candidatos-neste-domingo","status":"publish","type":"post","link":"https:\/\/senoticias.com.br\/se\/ifs-aplica-prova-para-candidatos-neste-domingo\/","title":{"rendered":"IFS aplica prova para candidatos neste domingo"},"content":{"rendered":"<div id=\"attachment_53375\" style=\"width: 310px\" class=\"wp-caption alignright\"><a href=\"http:\/\/senoticias.com.br\/se\/wp-content\/uploads\/2013\/10\/grande-IFS_281220111.jpg\"><img loading=\"lazy\" decoding=\"async\" aria-describedby=\"caption-attachment-53375\" class=\"size-medium wp-image-53375\" alt=\"Sede do IFS (Foto: Divulga\u00e7\u00e3o)\" src=\"http:\/\/senoticias.com.br\/se\/wp-content\/uploads\/2013\/10\/grande-IFS_281220111-300x199.jpg\" width=\"300\" height=\"199\" srcset=\"https:\/\/senoticias.com.br\/se\/wp-content\/uploads\/2013\/10\/grande-IFS_281220111-300x199.jpg 300w, https:\/\/senoticias.com.br\/se\/wp-content\/uploads\/2013\/10\/grande-IFS_281220111-342x227.jpg 342w, https:\/\/senoticias.com.br\/se\/wp-content\/uploads\/2013\/10\/grande-IFS_281220111.jpg 500w\" sizes=\"(max-width: 300px) 100vw, 300px\" \/><\/a><p id=\"caption-attachment-53375\" class=\"wp-caption-text\">Sede do IFS (Foto: Divulga\u00e7\u00e3o)<\/p><\/div>\n<p style=\"text-align: justify;\">Ser\u00e1 realizada nesse domingo, dia 15 de novembro, a prova do processo seletivo para os cursos t\u00e9cnicos de n\u00edvel m\u00e9dio subsequentes que ser\u00e3o ofertados no Campus Aracaju do Instituto Federal de Sergipe para ingresso no segundo semestre de 2015.<\/p>\n<p style=\"text-align: justify;\">Os candidatos disputam as 435 vagas ofertadas e distribu\u00eddas nos cursos de Alimentos, Edifica\u00e7\u00f5es, Eletr\u00f4nica, Eletrot\u00e9cnica, Guia de Turismo, Hospedagem, Petr\u00f3leo e G\u00e1s, Qu\u00edmica, Rede de Computadores e Seguran\u00e7a no Trabalho.<\/p>\n<p style=\"text-align: justify;\">A prova iniciar\u00e1 \u00e0s 9 h, mas o candidato dever\u00e1 chegar ao local com uma hora de anteced\u00eancia, portando original da Carteira de Identidade e\/ou documento oficial com foto, em bom estado de conserva\u00e7\u00e3o, e apresentar o cart\u00e3o de identifica\u00e7\u00e3o. N\u00e3o ser\u00e1 permitida a entrada de candidatos ap\u00f3s o hor\u00e1rio determinado para o in\u00edcio das provas.<\/p>\n<p style=\"text-align: justify;\">O exame ter\u00e1 dura\u00e7\u00e3o de quatro horas e os candidatos responder\u00e3o a quest\u00f5es de Portugu\u00eas, Matem\u00e1tica, F\u00edsica, Qu\u00edmica, Biologia, Hist\u00f3ria, Geografia, Ingl\u00eas ou espanhol e Inform\u00e1tica, com cinco quest\u00f5es de m\u00faltipla escolha para cada disciplina, totalizando 45 quest\u00f5es.<\/p>\n<p style=\"text-align: justify;\">A prova ser\u00e1 aplicada nas Did\u00e1ticas V e VI da Universidade Federal de Sergipe e no Campus Aracaju. O candidato dever\u00e1 comparecer ao local indicado em seu cart\u00e3o de identifica\u00e7\u00e3o.<\/p>\n<p style=\"text-align: justify;\"><strong>Resultado<\/strong><\/p>\n<p style=\"text-align: justify;\">O resultado final est\u00e1 previsto para ser divulgado no dia 10 de dezembro de 2015 no endere\u00e7o eletr\u00f4nico www.ifs.edu.br. A matr\u00edcula dos candidatos convocados na primeira chamada ser\u00e1 realizada nos dias 16, 17 e 18 de dezembro de 2015. A divulga\u00e7\u00e3o da segunda chamada de matr\u00edcula ocorrer\u00e1 no dia 04 de janeiro de 2016.<\/p>\n<p style=\"text-align: justify;\">O curso t\u00e9cnico subsequente \u00e9 ofertado somente a pessoas que j\u00e1 tenham conclu\u00eddo o Ensino M\u00e9dio ou equivalente ou estejam cursando a \u00faltima s\u00e9rie do Ensino M\u00e9dio ou equivalente.<\/p>\n<p style=\"text-align: justify;\"><em>Fonte: Ascom<\/em><\/p>\n<p style=\"text-align: justify;\"><em><\/em><strong>Acompanhe o SE Not\u00edcias no <a href=\"https:\/\/twitter.com\/Senoticias\" target=\"_blank\">Twitter <\/a>e no <a href=\"https:\/\/www.facebook.com\/PortalSENoticias\/\" target=\"_blank\">Facebook<\/a><\/strong><\/p>\n","protected":false},"excerpt":{"rendered":"<p>Ser\u00e1 realizada nesse domingo, dia 15 de novembro, a prova do processo seletivo para os cursos t\u00e9cnicos de n\u00edvel m\u00e9dio subsequentes que ser\u00e3o ofertados no Campus Aracaju do Instituto Federal de Sergipe para ingresso no segundo semestre de 2015. Os candidatos disputam as 435 vagas ofertadas e distribu\u00eddas nos cursos de Alimentos, Edifica\u00e7\u00f5es, Eletr\u00f4nica, Eletrot\u00e9cnica, [&hellip;]<\/p>\n","protected":false},"author":1,"featured_media":53375,"comment_status":"closed","ping_status":"closed","sticky":false,"template":"","format":"standard","meta":{"footnotes":""},"categories":[44],"tags":[],"class_list":{"0":"post-86051","1":"post","2":"type-post","3":"status-publish","4":"format-standard","5":"has-post-thumbnail","7":"category-educacao"},"_links":{"self":[{"href":"https:\/\/senoticias.com.br\/se\/wp-json\/wp\/v2\/posts\/86051"}],"collection":[{"href":"https:\/\/senoticias.com.br\/se\/wp-json\/wp\/v2\/posts"}],"about":[{"href":"https:\/\/senoticias.com.br\/se\/wp-json\/wp\/v2\/types\/post"}],"author":[{"embeddable":true,"href":"https:\/\/senoticias.com.br\/se\/wp-json\/wp\/v2\/users\/1"}],"replies":[{"embeddable":true,"href":"https:\/\/senoticias.com.br\/se\/wp-json\/wp\/v2\/comments?post=86051"}],"version-history":[{"count":0,"href":"https:\/\/senoticias.com.br\/se\/wp-json\/wp\/v2\/posts\/86051\/revisions"}],"wp:featuredmedia":[{"embeddable":true,"href":"https:\/\/senoticias.com.br\/se\/wp-json\/wp\/v2\/media\/53375"}],"wp:attachment":[{"href":"https:\/\/senoticias.com.br\/se\/wp-json\/wp\/v2\/media?parent=86051"}],"wp:term":[{"taxonomy":"category","embeddable":true,"href":"https:\/\/senoticias.com.br\/se\/wp-json\/wp\/v2\/categories?post=86051"},{"taxonomy":"post_tag","embeddable":true,"href":"https:\/\/senoticias.com.br\/se\/wp-json\/wp\/v2\/tags?post=86051"}],"curies":[{"name":"wp","href":"https:\/\/api.w.org\/{rel}","templated":true}]}}