{"id":86048,"date":"2015-11-14T13:44:38","date_gmt":"2015-11-14T16:44:38","guid":{"rendered":"http:\/\/senoticias.com.br\/se\/?p=86048"},"modified":"2015-11-14T13:44:38","modified_gmt":"2015-11-14T16:44:38","slug":"brasileiros-feridos-em-paris-nao-correm-risco-de-morte-diz-consul","status":"publish","type":"post","link":"https:\/\/senoticias.com.br\/se\/brasileiros-feridos-em-paris-nao-correm-risco-de-morte-diz-consul\/","title":{"rendered":"Brasileiros feridos em Paris n\u00e3o correm risco de morte, diz c\u00f4nsul"},"content":{"rendered":"<div id=\"attachment_86049\" style=\"width: 310px\" class=\"wp-caption alignright\"><a href=\"http:\/\/senoticias.com.br\/se\/wp-content\/uploads\/2015\/11\/FRANCE-SHOOTING_.jpg\"><img loading=\"lazy\" decoding=\"async\" aria-describedby=\"caption-attachment-86049\" class=\"size-medium wp-image-86049\" alt=\"Foto: Divulga\u00e7\u00e3o \" src=\"http:\/\/senoticias.com.br\/se\/wp-content\/uploads\/2015\/11\/FRANCE-SHOOTING_-300x180.jpg\" width=\"300\" height=\"180\" srcset=\"https:\/\/senoticias.com.br\/se\/wp-content\/uploads\/2015\/11\/FRANCE-SHOOTING_-300x180.jpg 300w, https:\/\/senoticias.com.br\/se\/wp-content\/uploads\/2015\/11\/FRANCE-SHOOTING_-342x205.jpg 342w, https:\/\/senoticias.com.br\/se\/wp-content\/uploads\/2015\/11\/FRANCE-SHOOTING_.jpg 500w\" sizes=\"(max-width: 300px) 100vw, 300px\" \/><\/a><p id=\"caption-attachment-86049\" class=\"wp-caption-text\">Foto: Divulga\u00e7\u00e3o<\/p><\/div>\n<p style=\"text-align: justify;\">Em entrevista ao programa \u201cHora 1\u201d da TV Globo, a c\u00f4nsul-geral do Brasil na Fran\u00e7a, Maria Edileuza Fontenele Reis, informou que os dois brasileiros feridos durante o ataque, um homem e uma mulher, est\u00e3o fora de risco. Os dois est\u00e3o hospitalizados. A c\u00f4nsul informou que n\u00e3o h\u00e1 informa\u00e7\u00e3o a respeito de outros brasileiros feridos no ataque e que nesta manh\u00e3 ir\u00e1 visitar as v\u00edtimas, que foram levados para hospitais diferentes.<\/p>\n<p style=\"text-align: justify;\">\u2014 As informa\u00e7\u00f5es que temos at\u00e9 o momento, que recebemos ao longo da noite de ontem, \u00e9 de que dois brasileiros foram feriados no atentado. Ambos passam bem e est\u00e3o fora de risco, segundo informa\u00e7\u00f5es m\u00e9dicas.<\/p>\n<p style=\"text-align: justify;\">Segundo o portal G1, as v\u00edtimas estavam no restaurante Le Petit Cambodge, nas proximidades do Canal Saint-Martin, no 10\u00b0 distrito da capital, um dos locais onde ocorreram tiroteios que deixaram dezenas de mortos e feridos em estado grave.<\/p>\n<p style=\"text-align: justify;\">Um dos brasileiros feridos, Gabriel Sepe, 29, tomou tr\u00eas tiros nas costas. Ele \u00e9 um arquiteto que est\u00e1 de passagem por Paris para eventos profissionais, informou a c\u00f4nsul em entrevista \u00e0 BBC. O arquiteto jantava com amigos no Le Petit Cambodge, onde uma estudante brasileira tamb\u00e9m ficou ferida. Ela tomou um tiro de rasp\u00e3o. Segundo informa\u00e7\u00f5es iniciais, a estudante residiria em Paris.<\/p>\n<p style=\"text-align: justify;\">A c\u00f4nsul pediu para que os brasileiros em Paris liguem para suas fam\u00edlias para informar que est\u00e3o bem. Pediu tamb\u00e9m para que os brasileiros evitem ir \u00e0s ruas neste s\u00e1bado.<\/p>\n<p style=\"text-align: justify;\">\u2014 A orienta\u00e7\u00e3o que estamos dando para toda a comunidade aqui na Fran\u00e7a \u00e9 de que evitem circular, evitem sair, at\u00e9 porque v\u00e1rias esta\u00e7\u00f5es de metr\u00f4 est\u00e3o bloqueadas. V\u00e1rios trechos da cidade est\u00e3o cercados, inclusive para investiga\u00e7\u00f5es.<\/p>\n<p style=\"text-align: justify;\"><em>Fonte: O Globo<\/em><\/p>\n<p style=\"text-align: justify;\"><strong>Acompanhe o SE Not\u00edcias no <a href=\"https:\/\/twitter.com\/Senoticias\" target=\"_blank\">Twitter <\/a>e no <a href=\"https:\/\/www.facebook.com\/PortalSENoticias\/\" target=\"_blank\">Facebook<\/a><\/strong><\/p>\n","protected":false},"excerpt":{"rendered":"<p>Em entrevista ao programa \u201cHora 1\u201d da TV Globo, a c\u00f4nsul-geral do Brasil na Fran\u00e7a, Maria Edileuza Fontenele Reis, informou que os dois brasileiros feridos durante o ataque, um homem e uma mulher, est\u00e3o fora de risco. Os dois est\u00e3o hospitalizados. A c\u00f4nsul informou que n\u00e3o h\u00e1 informa\u00e7\u00e3o a respeito de outros brasileiros feridos no [&hellip;]<\/p>\n","protected":false},"author":1,"featured_media":86049,"comment_status":"closed","ping_status":"closed","sticky":false,"template":"","format":"standard","meta":{"footnotes":""},"categories":[38],"tags":[],"class_list":{"0":"post-86048","1":"post","2":"type-post","3":"status-publish","4":"format-standard","5":"has-post-thumbnail","7":"category-municipios"},"_links":{"self":[{"href":"https:\/\/senoticias.com.br\/se\/wp-json\/wp\/v2\/posts\/86048"}],"collection":[{"href":"https:\/\/senoticias.com.br\/se\/wp-json\/wp\/v2\/posts"}],"about":[{"href":"https:\/\/senoticias.com.br\/se\/wp-json\/wp\/v2\/types\/post"}],"author":[{"embeddable":true,"href":"https:\/\/senoticias.com.br\/se\/wp-json\/wp\/v2\/users\/1"}],"replies":[{"embeddable":true,"href":"https:\/\/senoticias.com.br\/se\/wp-json\/wp\/v2\/comments?post=86048"}],"version-history":[{"count":0,"href":"https:\/\/senoticias.com.br\/se\/wp-json\/wp\/v2\/posts\/86048\/revisions"}],"wp:featuredmedia":[{"embeddable":true,"href":"https:\/\/senoticias.com.br\/se\/wp-json\/wp\/v2\/media\/86049"}],"wp:attachment":[{"href":"https:\/\/senoticias.com.br\/se\/wp-json\/wp\/v2\/media?parent=86048"}],"wp:term":[{"taxonomy":"category","embeddable":true,"href":"https:\/\/senoticias.com.br\/se\/wp-json\/wp\/v2\/categories?post=86048"},{"taxonomy":"post_tag","embeddable":true,"href":"https:\/\/senoticias.com.br\/se\/wp-json\/wp\/v2\/tags?post=86048"}],"curies":[{"name":"wp","href":"https:\/\/api.w.org\/{rel}","templated":true}]}}