{"id":86044,"date":"2015-11-14T13:34:38","date_gmt":"2015-11-14T16:34:38","guid":{"rendered":"http:\/\/senoticias.com.br\/se\/?p=86044"},"modified":"2015-11-14T14:23:17","modified_gmt":"2015-11-14T17:23:17","slug":"presidente-do-ipesaude-visita-hospital-senhor-dos-passos-em-sao-cristovao","status":"publish","type":"post","link":"https:\/\/senoticias.com.br\/se\/presidente-do-ipesaude-visita-hospital-senhor-dos-passos-em-sao-cristovao\/","title":{"rendered":"Hospital de S\u00e3o Crist\u00f3v\u00e3o busca parceria com Ipesa\u00fade"},"content":{"rendered":"<p>&nbsp;<\/p>\n<p align=\"justify\"><span style=\"font-family: Arial;\"><span style=\"font-size: small;\">O presidente do Ipesa\u00fade, Christian Oliveira, visitou nesta sexta-feira (13) as instala\u00e7\u00f5es do hospital Nosso Senhor dos Passos, na cidade de S\u00e3o Crist\u00f3v\u00e3o. O objetivo \u00e9 avaliar a viabilidade de se firmar um acordo com a institui\u00e7\u00e3o, para que esta passe a integrar a rede de atendimento aos usu\u00e1rios do instituto. A visita foi guiada pelo presidente do hospital, Marcos Santana.<\/span><\/span><\/p>\n<div id=\"attachment_86047\" style=\"width: 608px\" class=\"wp-caption aligncenter\"><a href=\"http:\/\/senoticias.com.br\/se\/wp-content\/uploads\/2015\/11\/hospital-e1447519046174.jpg\"><img loading=\"lazy\" decoding=\"async\" aria-describedby=\"caption-attachment-86047\" class=\"size-full wp-image-86047\" alt=\"O diretor presidente do Hospital Senhor dos Passos em S\u00e3o Crist\u00f3v\u00e3o, Marcos Santana, recebeu a visita do Dr. Christian Oliveira, presidente do Ipesa\u00fade.(Foto: Divulga\u00e7\u00e3o\/Ascom)\" src=\"http:\/\/senoticias.com.br\/se\/wp-content\/uploads\/2015\/11\/hospital-e1447519046174.jpg\" width=\"598\" height=\"398\" \/><\/a><p id=\"caption-attachment-86047\" class=\"wp-caption-text\">O diretor-presidente do Hospital Senhor dos Passos, Marcos Santana, mostra \u00e0s depend\u00eancias do hospital, \u00a0ao Dr. Christian Oliveira, presidente do Ipesa\u00fade. (Foto: Divulga\u00e7\u00e3o\/Ascom)<\/p><\/div>\n<p style=\"text-align: justify;\">\u00a0<span style=\"font-family: Arial;\"><span style=\"font-size: small;\">Acompanhado da equipe t\u00e9cnica que administra a unidade, o presidente do Ipesa\u00fade percorreu as instala\u00e7\u00f5es, verificou os equipamentos e os servi\u00e7os oferecidos pelo hospital que hoje funciona atrav\u00e9s de conv\u00eanio com a Secretaria de Estado da Sa\u00fade (SES) e com a colabora\u00e7\u00e3o de seus associados.<\/span><\/span><\/p>\n<p style=\"text-align: justify;\" align=\"justify\"><span style=\"font-family: Arial;\"><span style=\"font-size: small;\">\u201cNosso objetivo \u00e9 conhecer de perto essa unidade hospitalar que tem um enorme potencial para o atendimento regional dos usu\u00e1rios do Ipesa\u00fade. Estamos falando de um n\u00facleo habitacional com 80 mil pessoas, envolvendo a pr\u00f3pria sede do munic\u00edpio, e os conjuntos Eduardo Gomes, Rosa Elze e Lu\u00eds Alves. O que vimos aqui mostra que o hospital tem uma not\u00e1vel capacidade para a presta\u00e7\u00e3o de servi\u00e7os\u201d, relatou Christian Oliveira.<\/span><\/span><\/p>\n<p align=\"justify\"><strong><span style=\"font-family: Arial;\"><span style=\"font-size: small;\">Estrutura<\/span><\/span><\/strong><\/p>\n<p align=\"justify\"><span style=\"font-family: Arial;\"><span style=\"font-size: small;\">O hospital foi completamente reformado, ampliado e entregue em 2014, atrav\u00e9s de uma parceria com o Governo do Estado. \u201cN\u00f3s realizamos cerca de sete mil procedimentos\/m\u00eas, entre urg\u00eancia e emerg\u00eancia, e ainda oferecemos os servi\u00e7os laboratoriais, raio-x, internamento e consultas pedi\u00e1tricas\u201d, explicou o diretor-presidente do hospital, <strong>Marcos Santana<\/strong>, ao mostrar as instala\u00e7\u00f5es.<\/span><\/span><\/p>\n<p><strong>Fundado em 1948<\/strong><\/p>\n<p style=\"text-align: justify;\">O Hospital Nosso Senhor dos Passos \u00e9 uma entidade filantr\u00f3pica sem fins lucrativos que tem a Associa\u00e7\u00e3o Nosso Senhor dos Passos como mantenedora. A unidade tinha uma arquitetura antiga que n\u00e3o atendia \u00e0s diretrizes da Anvisa para constru\u00e7\u00e3o hospitalar.<\/p>\n<p style=\"text-align: justify;\">O Hospital e Maternidade Nosso Senhor dos Passos foi fundado em 1948 pelos Padres Franciscanos, portanto est\u00e1 com 66 anos, nesse per\u00edodo s\u00f3 ocorreu um reforma que foi em 1972 promovida pelo presidente do Hospital \u00e0 \u00e9poca Frei Lino, e ai j\u00e1 se v\u00e3o 43 longos anos.<\/p>\n<p align=\"justify\"><strong>Acompanhe o SE Not\u00edcias no\u00a0<a href=\"https:\/\/twitter.com\/Senoticias\" target=\"_blank\">Twitter\u00a0<\/a>e no\u00a0<a href=\"https:\/\/www.facebook.com\/PortalSENoticias\/\" target=\"_blank\">Facebook<\/a><\/strong><\/p>\n<p align=\"justify\"><em><strong><span style=\"font-family: Arial; font-size: small;\">Com informa\u00e7\u00f5es de Adilberto Souza<\/span><\/strong><\/em><\/p>\n","protected":false},"excerpt":{"rendered":"<p>&nbsp; O presidente do Ipesa\u00fade, Christian Oliveira, visitou nesta sexta-feira (13) as instala\u00e7\u00f5es do hospital Nosso Senhor dos Passos, na cidade de S\u00e3o Crist\u00f3v\u00e3o. O objetivo \u00e9 avaliar a viabilidade de se firmar um acordo com a institui\u00e7\u00e3o, para que esta passe a integrar a rede de atendimento aos usu\u00e1rios do instituto. A visita foi [&hellip;]<\/p>\n","protected":false},"author":1,"featured_media":86047,"comment_status":"closed","ping_status":"closed","sticky":false,"template":"","format":"standard","meta":{"footnotes":""},"categories":[38],"tags":[],"class_list":{"0":"post-86044","1":"post","2":"type-post","3":"status-publish","4":"format-standard","5":"has-post-thumbnail","7":"category-municipios"},"_links":{"self":[{"href":"https:\/\/senoticias.com.br\/se\/wp-json\/wp\/v2\/posts\/86044"}],"collection":[{"href":"https:\/\/senoticias.com.br\/se\/wp-json\/wp\/v2\/posts"}],"about":[{"href":"https:\/\/senoticias.com.br\/se\/wp-json\/wp\/v2\/types\/post"}],"author":[{"embeddable":true,"href":"https:\/\/senoticias.com.br\/se\/wp-json\/wp\/v2\/users\/1"}],"replies":[{"embeddable":true,"href":"https:\/\/senoticias.com.br\/se\/wp-json\/wp\/v2\/comments?post=86044"}],"version-history":[{"count":0,"href":"https:\/\/senoticias.com.br\/se\/wp-json\/wp\/v2\/posts\/86044\/revisions"}],"wp:featuredmedia":[{"embeddable":true,"href":"https:\/\/senoticias.com.br\/se\/wp-json\/wp\/v2\/media\/86047"}],"wp:attachment":[{"href":"https:\/\/senoticias.com.br\/se\/wp-json\/wp\/v2\/media?parent=86044"}],"wp:term":[{"taxonomy":"category","embeddable":true,"href":"https:\/\/senoticias.com.br\/se\/wp-json\/wp\/v2\/categories?post=86044"},{"taxonomy":"post_tag","embeddable":true,"href":"https:\/\/senoticias.com.br\/se\/wp-json\/wp\/v2\/tags?post=86044"}],"curies":[{"name":"wp","href":"https:\/\/api.w.org\/{rel}","templated":true}]}}