{"id":86043,"date":"2015-11-14T13:33:41","date_gmt":"2015-11-14T16:33:41","guid":{"rendered":"http:\/\/senoticias.com.br\/se\/?p=86043"},"modified":"2015-11-14T13:33:41","modified_gmt":"2015-11-14T16:33:41","slug":"dilma-lamenta-ataques-em-paris-e-deseja-recuperacao-de-brasileiros","status":"publish","type":"post","link":"https:\/\/senoticias.com.br\/se\/dilma-lamenta-ataques-em-paris-e-deseja-recuperacao-de-brasileiros\/","title":{"rendered":"Dilma lamenta ataques em Paris e deseja recupera\u00e7\u00e3o de brasileiros"},"content":{"rendered":"<div id=\"attachment_80906\" style=\"width: 310px\" class=\"wp-caption alignright\"><a href=\"http:\/\/senoticias.com.br\/se\/wp-content\/uploads\/2015\/06\/331.jpg\"><img loading=\"lazy\" decoding=\"async\" aria-describedby=\"caption-attachment-80906\" class=\"size-medium wp-image-80906\" alt=\"Foto: Reprodu\u00e7\u00e3o \" src=\"http:\/\/senoticias.com.br\/se\/wp-content\/uploads\/2015\/06\/331-300x156.jpg\" width=\"300\" height=\"156\" srcset=\"https:\/\/senoticias.com.br\/se\/wp-content\/uploads\/2015\/06\/331-300x156.jpg 300w, https:\/\/senoticias.com.br\/se\/wp-content\/uploads\/2015\/06\/331-342x178.jpg 342w, https:\/\/senoticias.com.br\/se\/wp-content\/uploads\/2015\/06\/331.jpg 956w\" sizes=\"(max-width: 300px) 100vw, 300px\" \/><\/a><p id=\"caption-attachment-80906\" class=\"wp-caption-text\">Foto: Reprodu\u00e7\u00e3o<\/p><\/div>\n<p style=\"text-align: justify;\">Poucas horas depois de desembarcar no balne\u00e1rio turco de Ant\u00e1lia, onde particida da reuni\u00e3o do G20 (as vinte maiores economias do mundo), a presidente Dilma Rousseff, usou o twitter para dizer que est\u00e1 acompanhando a recupera\u00e7\u00e3o dos brasileiros feridos ontem durante os atentados terroristas coordenados em Paris.<\/p>\n<p style=\"text-align: justify;\">&#8220;Fico feliz porque a jovem n\u00e3o teve maiores sequelas e desejo pronta recupera\u00e7\u00e3o ao rapaz ainda hospitalizado&#8221;, disse a presidente, acrescentando. &#8220;Acompanho a recupera\u00e7\u00e3o dos dois brasileiros feridos no b\u00e1rbaro atentado terrorista em Paris&#8221;.<\/p>\n<p style=\"text-align: justify;\">Em uma carta enviada neste s\u00e1bado ao presidente franc\u00eas, Fran\u00e7ois Hollande, Dilma afirmou que recebeu com consterna\u00e7\u00e3o a not\u00edcia dos &#8220;covardes atentados terroristas&#8221; na noite de sexta-feira. Segundo Dilma, a na\u00e7\u00e3o francesa saber\u00e1 enfrentar com altivez e determina\u00e7\u00e3o esse momento dif\u00edcil, e dele sair\u00e1 mais forte e coesa.<\/p>\n<p style=\"text-align: justify;\">&#8220;Neste momento de choque e tristeza, os cora\u00e7\u00f5es e mentes dos brasileiros est\u00e3o com os feridos e as fam\u00edlias das v\u00edtimas fatais. Hoje, somos todos franceses&#8221;.<\/p>\n<p style=\"text-align: justify;\">A presidente tamb\u00e9m expressou solidariedade em nome do governo brasileiro aos franceses e ao governo daquele pa\u00eds e condenou os ataques &#8220;da forma mais veemente&#8221;:<\/p>\n<p style=\"text-align: justify;\">&#8220;Estou certa de que a na\u00e7\u00e3o francesa saber\u00e1 enfrentar com altivez e determina\u00e7\u00e3o esse momento dif\u00edcil e dele sair\u00e1 mais forte e coesa&#8221;, escreveu.<\/p>\n<p style=\"text-align: justify;\">Segundo participantes da reuni\u00e3o do G20, o tema terrorismo deve dominar a agenda do encontro dos l\u00edderes. Dilma chegou a Ant\u00e1lia \u00e0s 9h50 deste s\u00e1bado. Em princ\u00edpio, seu \u00fanico compromisso oficial \u00e9 o jantar oferecido pelo presidente da Turquia Recep Tayyip Erdo\u011fan aos chefes de Estado e de governo que participar\u00e3o do evento nos pr\u00f3ximos dois dias.<\/p>\n<p style=\"text-align: justify;\">\u00a0Depois da agenda cheia que teve no Brasil, Dilma aproveita passar o dia no hotel, onde prepara a sua participa\u00e7\u00e3o na c\u00fapula. \u00c0 tarde, deve se encontrar com o ministro da Fazenda, Joaquim Levy, que a acompanhar\u00e1 durante as reuni\u00f5es. Ele tem a chegada prevista para a tarde deste s\u00e1bado.<\/p>\n<p style=\"text-align: justify;\">No domingo, eles participam de encontro com os l\u00edderes dos BRICS (Brasil, R\u00fassia, \u00cdndia, China e \u00c1frica do Sul) e, mais tarde, do almo\u00e7o de abertura da c\u00fapula do G20 propriamente dita.<\/p>\n<p style=\"text-align: justify;\"><em>Fonte: O Globo<\/em><\/p>\n<p style=\"text-align: justify;\"><strong>Acompanhe o SE Not\u00edcias no <a href=\"https:\/\/twitter.com\/Senoticias\" target=\"_blank\">Twitter <\/a>e no <a href=\"https:\/\/www.facebook.com\/PortalSENoticias\/\" target=\"_blank\">Facebook<\/a><\/strong><\/p>\n","protected":false},"excerpt":{"rendered":"<p>Poucas horas depois de desembarcar no balne\u00e1rio turco de Ant\u00e1lia, onde particida da reuni\u00e3o do G20 (as vinte maiores economias do mundo), a presidente Dilma Rousseff, usou o twitter para dizer que est\u00e1 acompanhando a recupera\u00e7\u00e3o dos brasileiros feridos ontem durante os atentados terroristas coordenados em Paris. &#8220;Fico feliz porque a jovem n\u00e3o teve maiores [&hellip;]<\/p>\n","protected":false},"author":1,"featured_media":80906,"comment_status":"closed","ping_status":"closed","sticky":false,"template":"","format":"standard","meta":{"footnotes":""},"categories":[6],"tags":[],"class_list":{"0":"post-86043","1":"post","2":"type-post","3":"status-publish","4":"format-standard","5":"has-post-thumbnail","7":"category-politica"},"_links":{"self":[{"href":"https:\/\/senoticias.com.br\/se\/wp-json\/wp\/v2\/posts\/86043"}],"collection":[{"href":"https:\/\/senoticias.com.br\/se\/wp-json\/wp\/v2\/posts"}],"about":[{"href":"https:\/\/senoticias.com.br\/se\/wp-json\/wp\/v2\/types\/post"}],"author":[{"embeddable":true,"href":"https:\/\/senoticias.com.br\/se\/wp-json\/wp\/v2\/users\/1"}],"replies":[{"embeddable":true,"href":"https:\/\/senoticias.com.br\/se\/wp-json\/wp\/v2\/comments?post=86043"}],"version-history":[{"count":0,"href":"https:\/\/senoticias.com.br\/se\/wp-json\/wp\/v2\/posts\/86043\/revisions"}],"wp:featuredmedia":[{"embeddable":true,"href":"https:\/\/senoticias.com.br\/se\/wp-json\/wp\/v2\/media\/80906"}],"wp:attachment":[{"href":"https:\/\/senoticias.com.br\/se\/wp-json\/wp\/v2\/media?parent=86043"}],"wp:term":[{"taxonomy":"category","embeddable":true,"href":"https:\/\/senoticias.com.br\/se\/wp-json\/wp\/v2\/categories?post=86043"},{"taxonomy":"post_tag","embeddable":true,"href":"https:\/\/senoticias.com.br\/se\/wp-json\/wp\/v2\/tags?post=86043"}],"curies":[{"name":"wp","href":"https:\/\/api.w.org\/{rel}","templated":true}]}}