{"id":86040,"date":"2015-11-14T13:18:09","date_gmt":"2015-11-14T16:18:09","guid":{"rendered":"http:\/\/senoticias.com.br\/se\/?p=86040"},"modified":"2015-11-14T13:18:09","modified_gmt":"2015-11-14T16:18:09","slug":"carro-bate-em-canteiro-capota-e-deixa-motorista-ferido-em-aracaju","status":"publish","type":"post","link":"https:\/\/senoticias.com.br\/se\/carro-bate-em-canteiro-capota-e-deixa-motorista-ferido-em-aracaju\/","title":{"rendered":"Carro bate em canteiro, capota e deixa motorista ferido em Aracaju"},"content":{"rendered":"<div id=\"attachment_86041\" style=\"width: 608px\" class=\"wp-caption aligncenter\"><a href=\"http:\/\/senoticias.com.br\/se\/wp-content\/uploads\/2015\/11\/capture-20151114-131436.png\"><img loading=\"lazy\" decoding=\"async\" aria-describedby=\"caption-attachment-86041\" class=\" wp-image-86041 \" alt=\"Carro bate em canteiro, capota e deixa motorista ferido em Aracaju (Foto: Divulga\u00e7\u00e3o) \" src=\"http:\/\/senoticias.com.br\/se\/wp-content\/uploads\/2015\/11\/capture-20151114-131436.png\" width=\"598\" height=\"465\" \/><\/a><p id=\"caption-attachment-86041\" class=\"wp-caption-text\">Carro bate em canteiro, capota e deixa motorista ferido em Aracaju (Foto: Divulga\u00e7\u00e3o)<\/p><\/div>\n<p style=\"text-align: justify;\">\n<p style=\"text-align: justify;\">Um acidente registrado por volta das 5h deste s\u00e1bado (14) deixou um motorista de um ve\u00edculo ferido. O ve\u00edculo seguia na Avenida Mel\u00edcio Machado, na Zona de Expans\u00e3o de Aracaju quando o condutor perdeu o controle da dire\u00e7\u00e3o, bateu em um canteiro e capotou. O motorista recebeu os primeiros socorros de agentes do Samu e levado para um hospital. O acidente deixou o tr\u00e2nsito congestionado durante tr\u00eas horas.<\/p>\n<p style=\"text-align: justify;\"><em>Com informa\u00e7\u00f5es do G1, Sergipe<\/em><\/p>\n<p style=\"text-align: justify;\"><strong>Acompanhe o SE Not\u00edcias no <a href=\"https:\/\/twitter.com\/Senoticias\" target=\"_blank\">Twitter <\/a>e no <a href=\"https:\/\/www.facebook.com\/PortalSENoticias\/\" target=\"_blank\">Facebook<\/a><\/strong><\/p>\n","protected":false},"excerpt":{"rendered":"<p>Um acidente registrado por volta das 5h deste s\u00e1bado (14) deixou um motorista de um ve\u00edculo ferido. O ve\u00edculo seguia na Avenida Mel\u00edcio Machado, na Zona de Expans\u00e3o de Aracaju quando o condutor perdeu o controle da dire\u00e7\u00e3o, bateu em um canteiro e capotou. O motorista recebeu os primeiros socorros de agentes do Samu e [&hellip;]<\/p>\n","protected":false},"author":1,"featured_media":86041,"comment_status":"closed","ping_status":"closed","sticky":false,"template":"","format":"standard","meta":{"footnotes":""},"categories":[38],"tags":[],"class_list":{"0":"post-86040","1":"post","2":"type-post","3":"status-publish","4":"format-standard","5":"has-post-thumbnail","7":"category-municipios"},"_links":{"self":[{"href":"https:\/\/senoticias.com.br\/se\/wp-json\/wp\/v2\/posts\/86040"}],"collection":[{"href":"https:\/\/senoticias.com.br\/se\/wp-json\/wp\/v2\/posts"}],"about":[{"href":"https:\/\/senoticias.com.br\/se\/wp-json\/wp\/v2\/types\/post"}],"author":[{"embeddable":true,"href":"https:\/\/senoticias.com.br\/se\/wp-json\/wp\/v2\/users\/1"}],"replies":[{"embeddable":true,"href":"https:\/\/senoticias.com.br\/se\/wp-json\/wp\/v2\/comments?post=86040"}],"version-history":[{"count":0,"href":"https:\/\/senoticias.com.br\/se\/wp-json\/wp\/v2\/posts\/86040\/revisions"}],"wp:featuredmedia":[{"embeddable":true,"href":"https:\/\/senoticias.com.br\/se\/wp-json\/wp\/v2\/media\/86041"}],"wp:attachment":[{"href":"https:\/\/senoticias.com.br\/se\/wp-json\/wp\/v2\/media?parent=86040"}],"wp:term":[{"taxonomy":"category","embeddable":true,"href":"https:\/\/senoticias.com.br\/se\/wp-json\/wp\/v2\/categories?post=86040"},{"taxonomy":"post_tag","embeddable":true,"href":"https:\/\/senoticias.com.br\/se\/wp-json\/wp\/v2\/tags?post=86040"}],"curies":[{"name":"wp","href":"https:\/\/api.w.org\/{rel}","templated":true}]}}