{"id":86037,"date":"2015-11-14T13:09:40","date_gmt":"2015-11-14T16:09:40","guid":{"rendered":"http:\/\/senoticias.com.br\/se\/?p=86037"},"modified":"2015-11-14T13:12:25","modified_gmt":"2015-11-14T16:12:25","slug":"papa-francisco-diz-que-ataques-nao-tem-justificativas-religiosa-ou-humana","status":"publish","type":"post","link":"https:\/\/senoticias.com.br\/se\/papa-francisco-diz-que-ataques-nao-tem-justificativas-religiosa-ou-humana\/","title":{"rendered":"Papa Francisco diz que ataques n\u00e3o t\u00eam justificativas religiosa ou humana"},"content":{"rendered":"<div id=\"attachment_86038\" style=\"width: 310px\" class=\"wp-caption alignright\"><a href=\"http:\/\/senoticias.com.br\/se\/wp-content\/uploads\/2015\/11\/977396-matt-campbell_lusa.jpg\"><img loading=\"lazy\" decoding=\"async\" aria-describedby=\"caption-attachment-86038\" class=\"size-medium wp-image-86038\" alt=\"Foto: Divulga\u00e7\u00e3o \" src=\"http:\/\/senoticias.com.br\/se\/wp-content\/uploads\/2015\/11\/977396-matt-campbell_lusa-300x198.jpg\" width=\"300\" height=\"198\" srcset=\"https:\/\/senoticias.com.br\/se\/wp-content\/uploads\/2015\/11\/977396-matt-campbell_lusa-300x198.jpg 300w, https:\/\/senoticias.com.br\/se\/wp-content\/uploads\/2015\/11\/977396-matt-campbell_lusa-1024x678.jpg 1024w, https:\/\/senoticias.com.br\/se\/wp-content\/uploads\/2015\/11\/977396-matt-campbell_lusa-342x226.jpg 342w\" sizes=\"(max-width: 300px) 100vw, 300px\" \/><\/a><p id=\"caption-attachment-86038\" class=\"wp-caption-text\">Foto: Divulga\u00e7\u00e3o<\/p><\/div>\n<p style=\"text-align: justify;\">O papa Francisco disse hoje (14) que os atentados terroristas de Paris &#8220;n\u00e3o t\u00eam justifica\u00e7\u00e3o religiosa ou humana&#8221;. &#8220;Isto n\u00e3o \u00e9 humano&#8221;, destacou o papa em declara\u00e7\u00e3o ao canal de televis\u00e3o TV200, da Confer\u00eancia Episcopal Italiana.<\/p>\n<p style=\"text-align: justify;\">&#8220;Estou comovido&#8230; N\u00e3o entendo essas coisas feitas por seres humanos. Por isso, estou comovido e rezo&#8221;, acrescentou Francisco por telefone.<\/p>\n<p style=\"text-align: justify;\">&#8220;Sinto-me muito pr\u00f3ximo do povo franc\u00eas, t\u00e3o amado. Estou pr\u00f3ximo dos familiares das v\u00edtimas e rezo por todos eles.&#8221;<\/p>\n<p style=\"text-align: justify;\">Questionado sobre se os ataques s\u00e3o uma amostra da &#8220;guerra mundial aos peda\u00e7os&#8221; a que ele tem se referido frequentemente, Francisco afirmou que &#8220;este \u00e9 um peda\u00e7o&#8221;. Segundo ele, n\u00e3o h\u00e1 justificativas para essas coisas.<\/p>\n<p style=\"text-align: justify;\">Numa mensagem enviada antes ao arcebispo de Paris, cardeal Andr\u00e9 Vingt-Trois, Francisco tinha condenado vigorosamente os atentados e disse que &#8220;a viol\u00eancia n\u00e3o pode resolver nada&#8221;.<\/p>\n<p style=\"text-align: justify;\">Pelo menos 127 pessoas morreram e 180 ficaram feridas, 80 dos quais em estado cr\u00edtico, nos diversos atentados de ontem (13) \u00e0 noite em Paris, de acordo com fontes policiais francesas.<\/p>\n<p style=\"text-align: justify;\">A Fran\u00e7a decretou o estado de emerg\u00eancia e restabeleceu o controle de fronteiras ap\u00f3s os ataques classificados pelo presidente Fran\u00e7ois Hollande como \u201cataques terroristas sem precedentes.<\/p>\n<p style=\"text-align: justify;\"><em>Fonte: Ag\u00eancia Brasil<\/em><\/p>\n<p style=\"text-align: justify;\"><strong>Acompanhe o SE Not\u00edcias no <a href=\"https:\/\/twitter.com\/Senoticias\" target=\"_blank\">Twitter <\/a>e no <a href=\"https:\/\/www.facebook.com\/PortalSENoticias\" target=\"_blank\">Facebook<\/a><\/strong><\/p>\n","protected":false},"excerpt":{"rendered":"<p>O papa Francisco disse hoje (14) que os atentados terroristas de Paris &#8220;n\u00e3o t\u00eam justifica\u00e7\u00e3o religiosa ou humana&#8221;. &#8220;Isto n\u00e3o \u00e9 humano&#8221;, destacou o papa em declara\u00e7\u00e3o ao canal de televis\u00e3o TV200, da Confer\u00eancia Episcopal Italiana. &#8220;Estou comovido&#8230; N\u00e3o entendo essas coisas feitas por seres humanos. Por isso, estou comovido e rezo&#8221;, acrescentou Francisco por [&hellip;]<\/p>\n","protected":false},"author":1,"featured_media":86038,"comment_status":"closed","ping_status":"closed","sticky":false,"template":"","format":"standard","meta":{"footnotes":""},"categories":[46],"tags":[],"class_list":{"0":"post-86037","1":"post","2":"type-post","3":"status-publish","4":"format-standard","5":"has-post-thumbnail","7":"category-religiao"},"_links":{"self":[{"href":"https:\/\/senoticias.com.br\/se\/wp-json\/wp\/v2\/posts\/86037"}],"collection":[{"href":"https:\/\/senoticias.com.br\/se\/wp-json\/wp\/v2\/posts"}],"about":[{"href":"https:\/\/senoticias.com.br\/se\/wp-json\/wp\/v2\/types\/post"}],"author":[{"embeddable":true,"href":"https:\/\/senoticias.com.br\/se\/wp-json\/wp\/v2\/users\/1"}],"replies":[{"embeddable":true,"href":"https:\/\/senoticias.com.br\/se\/wp-json\/wp\/v2\/comments?post=86037"}],"version-history":[{"count":0,"href":"https:\/\/senoticias.com.br\/se\/wp-json\/wp\/v2\/posts\/86037\/revisions"}],"wp:featuredmedia":[{"embeddable":true,"href":"https:\/\/senoticias.com.br\/se\/wp-json\/wp\/v2\/media\/86038"}],"wp:attachment":[{"href":"https:\/\/senoticias.com.br\/se\/wp-json\/wp\/v2\/media?parent=86037"}],"wp:term":[{"taxonomy":"category","embeddable":true,"href":"https:\/\/senoticias.com.br\/se\/wp-json\/wp\/v2\/categories?post=86037"},{"taxonomy":"post_tag","embeddable":true,"href":"https:\/\/senoticias.com.br\/se\/wp-json\/wp\/v2\/tags?post=86037"}],"curies":[{"name":"wp","href":"https:\/\/api.w.org\/{rel}","templated":true}]}}