{"id":86033,"date":"2015-11-14T10:27:51","date_gmt":"2015-11-14T13:27:51","guid":{"rendered":"http:\/\/senoticias.com.br\/se\/?p=86033"},"modified":"2015-11-15T22:33:38","modified_gmt":"2015-11-16T01:33:38","slug":"confira-o-que-abre-e-fecha-no-feriado-da-proclamacao-da-republica","status":"publish","type":"post","link":"https:\/\/senoticias.com.br\/se\/confira-o-que-abre-e-fecha-no-feriado-da-proclamacao-da-republica\/","title":{"rendered":"Veja o que abre e o que fecha em Aracaju no feriado de 15 de Novembro"},"content":{"rendered":"<p style=\"text-align: justify;\"><em><strong>Reda\u00e7\u00e3o Portal A8SE.com<\/strong><\/em><\/p>\n<div id=\"attachment_86035\" style=\"width: 303px\" class=\"wp-caption alignright\"><a href=\"http:\/\/senoticias.com.br\/se\/wp-content\/uploads\/2015\/11\/15-de-novembro.jpg\"><img loading=\"lazy\" decoding=\"async\" aria-describedby=\"caption-attachment-86035\" class=\"size-medium wp-image-86035\" alt=\"Confira o que abre e fecha no feriado da Proclama\u00e7\u00e3o da Rep\u00fablica. (Foto: divulga\u00e7\u00e3o\/Net)\" src=\"http:\/\/senoticias.com.br\/se\/wp-content\/uploads\/2015\/11\/15-de-novembro-293x300.jpg\" width=\"293\" height=\"300\" srcset=\"https:\/\/senoticias.com.br\/se\/wp-content\/uploads\/2015\/11\/15-de-novembro-293x300.jpg 293w, https:\/\/senoticias.com.br\/se\/wp-content\/uploads\/2015\/11\/15-de-novembro-50x50.jpg 50w, https:\/\/senoticias.com.br\/se\/wp-content\/uploads\/2015\/11\/15-de-novembro-342x349.jpg 342w, https:\/\/senoticias.com.br\/se\/wp-content\/uploads\/2015\/11\/15-de-novembro-300x306.jpg 300w, https:\/\/senoticias.com.br\/se\/wp-content\/uploads\/2015\/11\/15-de-novembro-55x55.jpg 55w, https:\/\/senoticias.com.br\/se\/wp-content\/uploads\/2015\/11\/15-de-novembro.jpg 400w\" sizes=\"(max-width: 293px) 100vw, 293px\" \/><\/a><p id=\"caption-attachment-86035\" class=\"wp-caption-text\">Confira o que abre e fecha no feriado da Proclama\u00e7\u00e3o da Rep\u00fablica. (Foto: divulga\u00e7\u00e3o\/Net)<\/p><\/div>\n<p style=\"text-align: justify;\">Neste domingo, 15 de novembro, \u00e9 celebrado a Proclama\u00e7\u00e3o da Rep\u00fablica em mais um feriado nacional. Fique atento ao funcionamento dos estabelecimentos comerciais e fa\u00e7a sua programa\u00e7\u00e3o.<\/p>\n<p style=\"text-align: justify;\"><strong>Shoppings<\/strong><\/p>\n<p style=\"text-align: justify;\">O Shopping Jardins, Shopping Riomar e Shopping Pr\u00eamio (Nossa Senhora do Socorro), funcionar\u00e3o no hor\u00e1rio habitual de domingo, das 14h \u00e0s 20h. As pra\u00e7as de alimenta\u00e7\u00e3o dos tr\u00eas shoppings abrir\u00e3o a partir das 12h.<\/p>\n<p style=\"text-align: justify;\"><strong>Mercados e feiras<\/strong><\/p>\n<p style=\"text-align: justify;\">Os mercados centrais (Albano Franco, Thales Ferraz e Ant\u00f4nio Franco), setoriais (bairros) e feiras livres funcionar\u00e3o no feriado, deste domingo, das 6h \u00e0s 12h. Na segunda-feira (16), os mercados centrais ir\u00e3o abrir em hor\u00e1rio normal. J\u00e1 os setoriais e feiras livres retornar\u00e3o as atividades na ter\u00e7a-feira (17).<\/p>\n<p style=\"text-align: justify;\"><strong>Supermercados<\/strong><\/p>\n<p style=\"text-align: justify;\">No feriado da Proclama\u00e7\u00e3o da Rep\u00fablica, todas as redes de supermercado v\u00e3o estar com as lojas abertas. O Gbarbosa funcionar\u00e1 em hor\u00e1rio habitual de domingo. O Extra abrir\u00e1 das 7h \u00e0 0h, e o P\u00e3o de A\u00e7\u00facar abre das 7h \u00e0s 22h.<\/p>\n<p style=\"text-align: justify;\"><strong>Acompanhe o SE Not\u00edcias no\u00a0<a href=\"https:\/\/twitter.com\/Senoticias\" target=\"_blank\">Twitter\u00a0<\/a>e no\u00a0<a href=\"https:\/\/www.facebook.com\/PortalSENoticias\/\" target=\"_blank\">Facebook<\/a><\/strong><\/p>\n","protected":false},"excerpt":{"rendered":"<p>Reda\u00e7\u00e3o Portal A8SE.com Neste domingo, 15 de novembro, \u00e9 celebrado a Proclama\u00e7\u00e3o da Rep\u00fablica em mais um feriado nacional. Fique atento ao funcionamento dos estabelecimentos comerciais e fa\u00e7a sua programa\u00e7\u00e3o. Shoppings O Shopping Jardins, Shopping Riomar e Shopping Pr\u00eamio (Nossa Senhora do Socorro), funcionar\u00e3o no hor\u00e1rio habitual de domingo, das 14h \u00e0s 20h. As pra\u00e7as [&hellip;]<\/p>\n","protected":false},"author":1,"featured_media":86035,"comment_status":"closed","ping_status":"closed","sticky":false,"template":"","format":"standard","meta":{"footnotes":""},"categories":[6],"tags":[],"class_list":{"0":"post-86033","1":"post","2":"type-post","3":"status-publish","4":"format-standard","5":"has-post-thumbnail","7":"category-politica"},"_links":{"self":[{"href":"https:\/\/senoticias.com.br\/se\/wp-json\/wp\/v2\/posts\/86033"}],"collection":[{"href":"https:\/\/senoticias.com.br\/se\/wp-json\/wp\/v2\/posts"}],"about":[{"href":"https:\/\/senoticias.com.br\/se\/wp-json\/wp\/v2\/types\/post"}],"author":[{"embeddable":true,"href":"https:\/\/senoticias.com.br\/se\/wp-json\/wp\/v2\/users\/1"}],"replies":[{"embeddable":true,"href":"https:\/\/senoticias.com.br\/se\/wp-json\/wp\/v2\/comments?post=86033"}],"version-history":[{"count":0,"href":"https:\/\/senoticias.com.br\/se\/wp-json\/wp\/v2\/posts\/86033\/revisions"}],"wp:featuredmedia":[{"embeddable":true,"href":"https:\/\/senoticias.com.br\/se\/wp-json\/wp\/v2\/media\/86035"}],"wp:attachment":[{"href":"https:\/\/senoticias.com.br\/se\/wp-json\/wp\/v2\/media?parent=86033"}],"wp:term":[{"taxonomy":"category","embeddable":true,"href":"https:\/\/senoticias.com.br\/se\/wp-json\/wp\/v2\/categories?post=86033"},{"taxonomy":"post_tag","embeddable":true,"href":"https:\/\/senoticias.com.br\/se\/wp-json\/wp\/v2\/tags?post=86033"}],"curies":[{"name":"wp","href":"https:\/\/api.w.org\/{rel}","templated":true}]}}