{"id":86031,"date":"2015-11-14T09:58:56","date_gmt":"2015-11-14T12:58:56","guid":{"rendered":"http:\/\/senoticias.com.br\/se\/?p=86031"},"modified":"2015-11-14T10:19:03","modified_gmt":"2015-11-14T13:19:03","slug":"confusao-na-acadepol-veja-as-imagens","status":"publish","type":"post","link":"https:\/\/senoticias.com.br\/se\/confusao-na-acadepol-veja-as-imagens\/","title":{"rendered":"Confus\u00e3o na Acadepol; veja as imagens"},"content":{"rendered":"<p style=\"text-align: justify;\">O\u00a0programa\u00a0<strong>Cidade\u00a0Alerta Sergipe<\/strong>, da TV Atalaia (18h55 \u00e0s 19h50), exibiu ontem, 13, a mais\u00a0completa\u00a0reportagem sobre a confus\u00e3o ocorrida no final da manh\u00e3 na ACADEPOL &#8211; Academia da Pol\u00edcia da SSP. <em><strong>(Informa\u00e7\u00f5es do NENot\u00edcias)<\/strong><\/em><\/p>\n<p><strong>Clique <a href=\"http:\/\/a8se.com\/tv-atalaia\/cidade-alerta\/video\/2015\/11\/86582-briga-entre-policiais-gera-tumulto-na-acadepol.html\">AQUI<\/a>\u00a0e veja as imagens<\/strong><\/p>\n<p><strong>Acompanhe o SE Not\u00edcias no\u00a0<a href=\"https:\/\/twitter.com\/Senoticias\" target=\"_blank\">Twitter\u00a0<\/a>e no\u00a0<a href=\"https:\/\/www.facebook.com\/PortalSENoticias\/\" target=\"_blank\">Facebook<\/a><\/strong><\/p>\n","protected":false},"excerpt":{"rendered":"<p>O\u00a0programa\u00a0Cidade\u00a0Alerta Sergipe, da TV Atalaia (18h55 \u00e0s 19h50), exibiu ontem, 13, a mais\u00a0completa\u00a0reportagem sobre a confus\u00e3o ocorrida no final da manh\u00e3 na ACADEPOL &#8211; Academia da Pol\u00edcia da SSP. (Informa\u00e7\u00f5es do NENot\u00edcias) Clique AQUI\u00a0e veja as imagens Acompanhe o SE Not\u00edcias no\u00a0Twitter\u00a0e no\u00a0Facebook<\/p>\n","protected":false},"author":3,"featured_media":0,"comment_status":"closed","ping_status":"closed","sticky":false,"template":"","format":"standard","meta":{"footnotes":""},"categories":[1],"tags":[],"class_list":{"0":"post-86031","1":"post","2":"type-post","3":"status-publish","4":"format-standard","6":"category-sem-categoria"},"_links":{"self":[{"href":"https:\/\/senoticias.com.br\/se\/wp-json\/wp\/v2\/posts\/86031"}],"collection":[{"href":"https:\/\/senoticias.com.br\/se\/wp-json\/wp\/v2\/posts"}],"about":[{"href":"https:\/\/senoticias.com.br\/se\/wp-json\/wp\/v2\/types\/post"}],"author":[{"embeddable":true,"href":"https:\/\/senoticias.com.br\/se\/wp-json\/wp\/v2\/users\/3"}],"replies":[{"embeddable":true,"href":"https:\/\/senoticias.com.br\/se\/wp-json\/wp\/v2\/comments?post=86031"}],"version-history":[{"count":0,"href":"https:\/\/senoticias.com.br\/se\/wp-json\/wp\/v2\/posts\/86031\/revisions"}],"wp:attachment":[{"href":"https:\/\/senoticias.com.br\/se\/wp-json\/wp\/v2\/media?parent=86031"}],"wp:term":[{"taxonomy":"category","embeddable":true,"href":"https:\/\/senoticias.com.br\/se\/wp-json\/wp\/v2\/categories?post=86031"},{"taxonomy":"post_tag","embeddable":true,"href":"https:\/\/senoticias.com.br\/se\/wp-json\/wp\/v2\/tags?post=86031"}],"curies":[{"name":"wp","href":"https:\/\/api.w.org\/{rel}","templated":true}]}}