{"id":86027,"date":"2015-11-13T22:33:38","date_gmt":"2015-11-14T01:33:38","guid":{"rendered":"http:\/\/senoticias.com.br\/se\/?p=86027"},"modified":"2015-11-15T09:40:40","modified_gmt":"2015-11-15T12:40:40","slug":"terrorismo-mais-de-140-pessoas-morrem-em-atentados-em-paris","status":"publish","type":"post","link":"https:\/\/senoticias.com.br\/se\/terrorismo-mais-de-140-pessoas-morrem-em-atentados-em-paris\/","title":{"rendered":"Terrorismo: mais de 140 pessoas morrem em atentados em Paris"},"content":{"rendered":"<p style=\"text-align: justify;\">Um n\u00famero ainda incerto de explos\u00f5es e tiroteios deixou ao menos 143 mortos em Paris, segundo informa\u00e7\u00f5es preliminares da pol\u00edcia. O ataque a casa de shows\u00a0Bataclan deixou 100\u00a0mortos, incluindo dois terroristas, segundo informou a pol\u00edcia local. Outras\u00a0tr\u00eas pessoas morreram em decorr\u00eancia das explos\u00f5es nas proximidades do Stade de France, segundo a pol\u00edcia.<\/p>\n<div id=\"attachment_86028\" style=\"width: 610px\" class=\"wp-caption aligncenter\"><a href=\"http:\/\/senoticias.com.br\/se\/wp-content\/uploads\/2015\/11\/gettyimages-497047890.jpg\"><img loading=\"lazy\" decoding=\"async\" aria-describedby=\"caption-attachment-86028\" class=\"size-full wp-image-86028\" alt=\" Ataques terroristas em restaurantes, casa de show e est\u00e1dio de futebol deixam mortos em Paris.(Foto: Getty Images)  \" src=\"http:\/\/senoticias.com.br\/se\/wp-content\/uploads\/2015\/11\/gettyimages-497047890.jpg\" width=\"600\" height=\"388\" srcset=\"https:\/\/senoticias.com.br\/se\/wp-content\/uploads\/2015\/11\/gettyimages-497047890.jpg 600w, https:\/\/senoticias.com.br\/se\/wp-content\/uploads\/2015\/11\/gettyimages-497047890-300x194.jpg 300w, https:\/\/senoticias.com.br\/se\/wp-content\/uploads\/2015\/11\/gettyimages-497047890-342x221.jpg 342w\" sizes=\"(max-width: 600px) 100vw, 600px\" \/><\/a><p id=\"caption-attachment-86028\" class=\"wp-caption-text\"><br \/>Ataques terroristas em restaurantes, casa de show e est\u00e1dio de futebol deixam mortos em Paris.(Foto: Getty Images)<\/p><\/div>\n<p style=\"text-align: justify;\">O presidente Fran\u00e7ois Hollande declarou estado de emerg\u00eancia em todo o pa\u00eds e ordenou o fechamento das fronteiras. Ele disse que se trata de ataques terroristas sem precedentes na Fran\u00e7a.<\/p>\n<p style=\"text-align: justify;\">A pol\u00edcia afirmou ter registrado tiroteios em ao menos dois restaurantes. Um estudante disse ter ouvido tiros nas proximidades da Place de la R\u00e9publique. Segundo ele, tr\u00eas corpos estavam no ch\u00e3o.\u00a0Segundo um policial, ao menos cem pessoas s\u00e3o mantidas ref\u00e9ns na sala de espet\u00e1culos Bataclan.<\/p>\n<p style=\"text-align: justify;\">Ao menos duas explos\u00f5es ocorreram nas proximidades do Stade de France, onde as sele\u00e7\u00f5es da Fran\u00e7a e da Alemanha se enfrentavam.<\/p>\n<p style=\"text-align: justify;\">Um policial declarou que mais 11 pessoas morreram num ataque ao restaurante Petit Cambodge, no 10\u00ba arrondissement (bairro), mas essa informa\u00e7\u00e3o n\u00e3o foi oficialmente confirmada pela pol\u00edcia. O local foi cercado e isolado por for\u00e7as de seguran\u00e7a.<\/p>\n<p style=\"text-align: justify;\">O presidente Fran\u00e7ois Hollande, que acompanhava a partida, foi retirado do est\u00e1dio e convocou uma reuni\u00e3o de emerg\u00eancia. Ele se reuniu no Minist\u00e9rio do Interior com o primeiro-ministro Manuel Valls e o ministro do Interior, Bernard Cazeneuve. Logo em seguida, Hollande declarou estado de emerg\u00eancia em todo o pa\u00eds.<\/p>\n<p style=\"text-align: justify;\">O presidente dos EUA, Barack Obama, disse que os ataques visaram toda a humanidade e n\u00e3o apenas o povo franc\u00eas.<\/p>\n<p style=\"text-align: justify;\"><strong>Acompanhe o SE Not\u00edcias no\u00a0<a href=\"https:\/\/twitter.com\/Senoticias\" target=\"_blank\">Twitter\u00a0<\/a>e no\u00a0<a href=\"https:\/\/www.facebook.com\/PortalSENoticias\/\" target=\"_blank\">Facebook<\/a><\/strong><\/p>\n<p style=\"text-align: justify;\"><em>(Portal Terra com informa\u00e7\u00f5es das ag\u00eancias ANSA, Efe e Deutsche Welle)<\/em><\/p>\n","protected":false},"excerpt":{"rendered":"<p>Um n\u00famero ainda incerto de explos\u00f5es e tiroteios deixou ao menos 143 mortos em Paris, segundo informa\u00e7\u00f5es preliminares da pol\u00edcia. O ataque a casa de shows\u00a0Bataclan deixou 100\u00a0mortos, incluindo dois terroristas, segundo informou a pol\u00edcia local. Outras\u00a0tr\u00eas pessoas morreram em decorr\u00eancia das explos\u00f5es nas proximidades do Stade de France, segundo a pol\u00edcia. O presidente Fran\u00e7ois [&hellip;]<\/p>\n","protected":false},"author":1,"featured_media":86028,"comment_status":"closed","ping_status":"closed","sticky":false,"template":"","format":"standard","meta":{"footnotes":""},"categories":[310],"tags":[],"class_list":{"0":"post-86027","1":"post","2":"type-post","3":"status-publish","4":"format-standard","5":"has-post-thumbnail","7":"category-destaques-da-semana"},"_links":{"self":[{"href":"https:\/\/senoticias.com.br\/se\/wp-json\/wp\/v2\/posts\/86027"}],"collection":[{"href":"https:\/\/senoticias.com.br\/se\/wp-json\/wp\/v2\/posts"}],"about":[{"href":"https:\/\/senoticias.com.br\/se\/wp-json\/wp\/v2\/types\/post"}],"author":[{"embeddable":true,"href":"https:\/\/senoticias.com.br\/se\/wp-json\/wp\/v2\/users\/1"}],"replies":[{"embeddable":true,"href":"https:\/\/senoticias.com.br\/se\/wp-json\/wp\/v2\/comments?post=86027"}],"version-history":[{"count":0,"href":"https:\/\/senoticias.com.br\/se\/wp-json\/wp\/v2\/posts\/86027\/revisions"}],"wp:featuredmedia":[{"embeddable":true,"href":"https:\/\/senoticias.com.br\/se\/wp-json\/wp\/v2\/media\/86028"}],"wp:attachment":[{"href":"https:\/\/senoticias.com.br\/se\/wp-json\/wp\/v2\/media?parent=86027"}],"wp:term":[{"taxonomy":"category","embeddable":true,"href":"https:\/\/senoticias.com.br\/se\/wp-json\/wp\/v2\/categories?post=86027"},{"taxonomy":"post_tag","embeddable":true,"href":"https:\/\/senoticias.com.br\/se\/wp-json\/wp\/v2\/tags?post=86027"}],"curies":[{"name":"wp","href":"https:\/\/api.w.org\/{rel}","templated":true}]}}