{"id":86024,"date":"2015-11-13T22:01:51","date_gmt":"2015-11-14T01:01:51","guid":{"rendered":"http:\/\/senoticias.com.br\/se\/?p=86024"},"modified":"2015-11-16T14:29:12","modified_gmt":"2015-11-16T17:29:12","slug":"secretaria-de-seguranca-publica-confirma-que-policiais-entraram-em-vias-de-fato-na-acadepol","status":"publish","type":"post","link":"https:\/\/senoticias.com.br\/se\/secretaria-de-seguranca-publica-confirma-que-policiais-entraram-em-vias-de-fato-na-acadepol\/","title":{"rendered":"Secretaria de Seguran\u00e7a P\u00fablica confirma que policiais &#8216;entraram em vias de fato&#8217;, na Acadepol"},"content":{"rendered":"<p style=\"text-align: justify;\">Secretaria de Seguran\u00e7a P\u00fablica se manifestou por meio de nota.<strong> Confira nota na \u00edntegra:<\/strong><\/p>\n<p style=\"text-align: justify;\">A Academia de Pol\u00edcia Civil de Sergipe (Acadepol), por meio do delegado Joc\u00e9lio Fr\u00f3es, vem a p\u00fablico esclarecer sobre o fato ocorrido no final da manh\u00e3 desta sexta-feira, 13, envolvendo um policial civil do Grupo Especial de Repress\u00e3o e Buscas (Gerb) e um aluno do Curso de Forma\u00e7\u00e3o Profissional de Agentes e Escriv\u00e3es da Pol\u00edcia Civil.<\/p>\n<div id=\"attachment_86026\" style=\"width: 608px\" class=\"wp-caption aligncenter\"><a href=\"http:\/\/senoticias.com.br\/se\/wp-content\/uploads\/2015\/11\/Acadepol-e1447463353924.jpg\"><img loading=\"lazy\" decoding=\"async\" aria-describedby=\"caption-attachment-86026\" class=\"size-full wp-image-86026\" alt=\"Confus\u00e3o foi registrada foi na Academia de Pol\u00edcia Civil de Sergipe, onde os candidatos aprovados em concurso p\u00fablico da pol\u00edcia civil estavam sendo capacitados.\" src=\"http:\/\/senoticias.com.br\/se\/wp-content\/uploads\/2015\/11\/Acadepol-e1447463353924.jpg\" width=\"598\" height=\"184\" \/><\/a><p id=\"caption-attachment-86026\" class=\"wp-caption-text\">Confus\u00e3o foi registrada na Academia de Pol\u00edcia Civil de Sergipe, onde os candidatos aprovados em concurso p\u00fablico de Agentes e Escriv\u00e3es da \u00a0Pol\u00edcia Civil estavam sendo capacitados. (Foto: arquivo\/SSP\/SE)<\/p><\/div>\n<p>Agentes e Escriv\u00e3es da Pol\u00edcia Civil<\/p>\n<p style=\"text-align: justify;\">\u201cInformo que na manh\u00e3 de hoje,\u00a0<em><strong>houve um desentendimento envolvendo um aluno do Curso de Forma\u00e7\u00e3o e um policial civil, que chegaram \u00e0s vias de fato em uma das depend\u00eancias da Acadepol<\/strong><\/em>. Inicialmente, o caso foi encaminhado para a 8\u00aa Delegacia Metropolitana, onde o delegado Jo\u00e3o Eloy, respons\u00e1vel pela investiga\u00e7\u00e3o do caso, ouviu as partes envolvidas para elabora\u00e7\u00e3o do inqu\u00e9rito. As testemunhas indicadas ser\u00e3o ouvidas na pr\u00f3xima segunda-feira, 16. Ap\u00f3s a investiga\u00e7\u00e3o, o inqu\u00e9rito ser\u00e1 remetido para Justi\u00e7a, que vai julgar o ocorrido. Por fim, gostaria de frisar que trata-se de um fato isolado, lament\u00e1vel, mas que ser\u00e1 averiguado para posterior ado\u00e7\u00e3o das medidas cab\u00edveis\u201d<\/p>\n<p style=\"text-align: justify;\"><strong>Acompanhe o SE Not\u00edcias no\u00a0<a href=\"https:\/\/twitter.com\/Senoticias\" target=\"_blank\">Twitter\u00a0<\/a>e no\u00a0<a href=\"https:\/\/www.facebook.com\/PortalSENoticias\/\" target=\"_blank\">Facebook<\/a><\/strong><\/p>\n<p style=\"text-align: justify;\"><em><strong>Informa\u00e7\u00f5es da SSP\/SE<\/strong><\/em><\/p>\n","protected":false},"excerpt":{"rendered":"<p>Secretaria de Seguran\u00e7a P\u00fablica se manifestou por meio de nota. Confira nota na \u00edntegra: A Academia de Pol\u00edcia Civil de Sergipe (Acadepol), por meio do delegado Joc\u00e9lio Fr\u00f3es, vem a p\u00fablico esclarecer sobre o fato ocorrido no final da manh\u00e3 desta sexta-feira, 13, envolvendo um policial civil do Grupo Especial de Repress\u00e3o e Buscas (Gerb) [&hellip;]<\/p>\n","protected":false},"author":1,"featured_media":86026,"comment_status":"closed","ping_status":"closed","sticky":false,"template":"","format":"standard","meta":{"footnotes":""},"categories":[7],"tags":[],"class_list":{"0":"post-86024","1":"post","2":"type-post","3":"status-publish","4":"format-standard","5":"has-post-thumbnail","7":"category-policia"},"_links":{"self":[{"href":"https:\/\/senoticias.com.br\/se\/wp-json\/wp\/v2\/posts\/86024"}],"collection":[{"href":"https:\/\/senoticias.com.br\/se\/wp-json\/wp\/v2\/posts"}],"about":[{"href":"https:\/\/senoticias.com.br\/se\/wp-json\/wp\/v2\/types\/post"}],"author":[{"embeddable":true,"href":"https:\/\/senoticias.com.br\/se\/wp-json\/wp\/v2\/users\/1"}],"replies":[{"embeddable":true,"href":"https:\/\/senoticias.com.br\/se\/wp-json\/wp\/v2\/comments?post=86024"}],"version-history":[{"count":0,"href":"https:\/\/senoticias.com.br\/se\/wp-json\/wp\/v2\/posts\/86024\/revisions"}],"wp:featuredmedia":[{"embeddable":true,"href":"https:\/\/senoticias.com.br\/se\/wp-json\/wp\/v2\/media\/86026"}],"wp:attachment":[{"href":"https:\/\/senoticias.com.br\/se\/wp-json\/wp\/v2\/media?parent=86024"}],"wp:term":[{"taxonomy":"category","embeddable":true,"href":"https:\/\/senoticias.com.br\/se\/wp-json\/wp\/v2\/categories?post=86024"},{"taxonomy":"post_tag","embeddable":true,"href":"https:\/\/senoticias.com.br\/se\/wp-json\/wp\/v2\/tags?post=86024"}],"curies":[{"name":"wp","href":"https:\/\/api.w.org\/{rel}","templated":true}]}}