{"id":86021,"date":"2015-11-13T21:45:56","date_gmt":"2015-11-14T00:45:56","guid":{"rendered":"http:\/\/senoticias.com.br\/se\/?p=86021"},"modified":"2015-11-13T21:54:47","modified_gmt":"2015-11-14T00:54:47","slug":"denarc-prende-homem-por-trafico-de-drogas-em-socorro","status":"publish","type":"post","link":"https:\/\/senoticias.com.br\/se\/denarc-prende-homem-por-trafico-de-drogas-em-socorro\/","title":{"rendered":"Denarc prende homem por tr\u00e1fico de drogas em Nossa Senhora do Socorro"},"content":{"rendered":"<div id=\"attachment_86023\" style=\"width: 310px\" class=\"wp-caption alignright\"><a href=\"http:\/\/senoticias.com.br\/se\/wp-content\/uploads\/2015\/11\/c8df366a-2904-bdfb.jpeg\"><img loading=\"lazy\" decoding=\"async\" aria-describedby=\"caption-attachment-86023\" class=\"size-medium wp-image-86023\" alt=\"Welington Gomes dos Reis, 32 anos. (Foto: SSP\/SE)\" src=\"http:\/\/senoticias.com.br\/se\/wp-content\/uploads\/2015\/11\/c8df366a-2904-bdfb-300x245.jpeg\" width=\"300\" height=\"245\" srcset=\"https:\/\/senoticias.com.br\/se\/wp-content\/uploads\/2015\/11\/c8df366a-2904-bdfb-300x245.jpeg 300w, https:\/\/senoticias.com.br\/se\/wp-content\/uploads\/2015\/11\/c8df366a-2904-bdfb-342x279.jpeg 342w, https:\/\/senoticias.com.br\/se\/wp-content\/uploads\/2015\/11\/c8df366a-2904-bdfb.jpeg 465w\" sizes=\"(max-width: 300px) 100vw, 300px\" \/><\/a><p id=\"caption-attachment-86023\" class=\"wp-caption-text\">Welington Gomes dos Reis, 32 anos. (Foto: SSP\/SE)<\/p><\/div>\n<p style=\"text-align: justify;\">Policiais civis do Departamento de Narc\u00f3ticos (Denarc), sob a coordena\u00e7\u00e3o do delegado Fl\u00e1vio Albuquerque, prenderam na manh\u00e3 desta sexta-feira, 13, Welington Gomes dos Reis, 32 anos, no conjunto Jardim I, em Nossa Senhora do Socorro, pelo crime de tr\u00e1fico de drogas.<\/p>\n<p style=\"text-align: justify;\">De acordo com o delegado, ap\u00f3s receberem den\u00fancias an\u00f4nimas de que havia um suspeito traficando na regi\u00e3o, os agentes do Denarc foram at\u00e9 o local. Ao chegarem na resid\u00eancia de Welington, encontraram em poder dele 1,5kg de crack e uma balan\u00e7a de precis\u00e3o.<\/p>\n<p style=\"text-align: justify;\">Ante o exposto, o suspeito foi encaminhado para a sede do Denarc, onde se encontra sob cust\u00f3dia \u00e0 disposi\u00e7\u00e3o da Justi\u00e7a.<\/p>\n<p style=\"text-align: justify;\"><strong>Acompanhe o SE Not\u00edcias no\u00a0<a href=\"https:\/\/twitter.com\/Senoticias\" target=\"_blank\">Twitter\u00a0<\/a>e no\u00a0<a href=\"https:\/\/www.facebook.com\/PortalSENoticias\/\" target=\"_blank\">Facebook<\/a><\/strong><\/p>\n<p style=\"text-align: justify;\"><em><strong>Informa\u00e7\u00f5es da SSP\/SE<\/strong><\/em><\/p>\n","protected":false},"excerpt":{"rendered":"<p>Policiais civis do Departamento de Narc\u00f3ticos (Denarc), sob a coordena\u00e7\u00e3o do delegado Fl\u00e1vio Albuquerque, prenderam na manh\u00e3 desta sexta-feira, 13, Welington Gomes dos Reis, 32 anos, no conjunto Jardim I, em Nossa Senhora do Socorro, pelo crime de tr\u00e1fico de drogas. De acordo com o delegado, ap\u00f3s receberem den\u00fancias an\u00f4nimas de que havia um suspeito [&hellip;]<\/p>\n","protected":false},"author":2,"featured_media":86023,"comment_status":"closed","ping_status":"closed","sticky":false,"template":"","format":"standard","meta":{"footnotes":""},"categories":[7],"tags":[],"class_list":{"0":"post-86021","1":"post","2":"type-post","3":"status-publish","4":"format-standard","5":"has-post-thumbnail","7":"category-policia"},"_links":{"self":[{"href":"https:\/\/senoticias.com.br\/se\/wp-json\/wp\/v2\/posts\/86021"}],"collection":[{"href":"https:\/\/senoticias.com.br\/se\/wp-json\/wp\/v2\/posts"}],"about":[{"href":"https:\/\/senoticias.com.br\/se\/wp-json\/wp\/v2\/types\/post"}],"author":[{"embeddable":true,"href":"https:\/\/senoticias.com.br\/se\/wp-json\/wp\/v2\/users\/2"}],"replies":[{"embeddable":true,"href":"https:\/\/senoticias.com.br\/se\/wp-json\/wp\/v2\/comments?post=86021"}],"version-history":[{"count":0,"href":"https:\/\/senoticias.com.br\/se\/wp-json\/wp\/v2\/posts\/86021\/revisions"}],"wp:featuredmedia":[{"embeddable":true,"href":"https:\/\/senoticias.com.br\/se\/wp-json\/wp\/v2\/media\/86023"}],"wp:attachment":[{"href":"https:\/\/senoticias.com.br\/se\/wp-json\/wp\/v2\/media?parent=86021"}],"wp:term":[{"taxonomy":"category","embeddable":true,"href":"https:\/\/senoticias.com.br\/se\/wp-json\/wp\/v2\/categories?post=86021"},{"taxonomy":"post_tag","embeddable":true,"href":"https:\/\/senoticias.com.br\/se\/wp-json\/wp\/v2\/tags?post=86021"}],"curies":[{"name":"wp","href":"https:\/\/api.w.org\/{rel}","templated":true}]}}