{"id":86018,"date":"2015-11-13T21:07:17","date_gmt":"2015-11-14T00:07:17","guid":{"rendered":"http:\/\/senoticias.com.br\/se\/?p=86018"},"modified":"2015-11-15T20:46:23","modified_gmt":"2015-11-15T23:46:23","slug":"nao-teremos-problema-com-o-pagamento-do-decimo-afirma-governador","status":"publish","type":"post","link":"https:\/\/senoticias.com.br\/se\/nao-teremos-problema-com-o-pagamento-do-decimo-afirma-governador\/","title":{"rendered":"\u201cN\u00e3o teremos problema com o pagamento do d\u00e9cimo\u201d, afirma governador"},"content":{"rendered":"<p style=\"text-align: justify;\">O governador de Sergipe em exerc\u00edcio, Belivaldo Chagas, concedeu entrevista \u00e0 TV Sergipe nesta sexta-feira, 13, onde falou sobre a interinidade \u00e0 frente da gest\u00e3o do poder executivo estadual. Na pr\u00f3xima segunda-feira, 16, o governador Jackson Barreto retoma o governo ap\u00f3s 90 dias de afastamento por causas m\u00e9dicas.<\/p>\n<div id=\"attachment_86019\" style=\"width: 608px\" class=\"wp-caption aligncenter\"><a href=\"http:\/\/senoticias.com.br\/se\/wp-content\/uploads\/2015\/11\/Entrevista.Belivaldo-e1447459588166.jpeg\"><img loading=\"lazy\" decoding=\"async\" aria-describedby=\"caption-attachment-86019\" class=\"size-full wp-image-86019\" alt=\"Durante entrevista \u00e0 TV Sergipe, o governador em exerc\u00edcio fez um balan\u00e7o dos tr\u00eas meses em que ficou \u00e0 frente da gest\u00e3o estadual. (Foto: Marcelle Cristinne\/ASN)\" src=\"http:\/\/senoticias.com.br\/se\/wp-content\/uploads\/2015\/11\/Entrevista.Belivaldo-e1447459588166.jpeg\" width=\"598\" height=\"428\" \/><\/a><p id=\"caption-attachment-86019\" class=\"wp-caption-text\">Durante entrevista \u00e0 TV Sergipe, o governador em exerc\u00edcio fez um balan\u00e7o dos tr\u00eas meses em que ficou \u00e0 frente da gest\u00e3o estadual. (Foto: Marcelle Cristinne\/ASN)<\/p><\/div>\n<p style=\"text-align: justify;\">Durante o notici\u00e1rio, Belivaldo respondeu \u00e0s perguntas do apresentador Ricardo Marques e tamb\u00e9m de telespectadores. O primeiro questionamento versou sobre as condi\u00e7\u00f5es do Estado de pagar o 13\u00ba sal\u00e1rio dos servidores, ao qual o governador respondeu que sim e deu explica\u00e7\u00f5es. \u201cO 13\u00ba sal\u00e1rio vem normalmente sendo pago no dia do anivers\u00e1rio do servidor, em dezembro haver\u00e1 um restante a ser pago e n\u00e3o haver\u00e1 nenhum problema quanto a isso\u201d.<\/p>\n<p style=\"text-align: justify;\">Ele tamb\u00e9m foi perguntado sobre o parcelamento dos sal\u00e1rios e disse que esta \u00e9 uma quest\u00e3o que envolve os sal\u00e1rios como um todo e que o Governo est\u00e1 estudando a possibilidade de pagar sem parcelamentos a partir do dia 11 do m\u00eas subsequente. \u201cAinda n\u00e3o est\u00e1 confirmado, mas at\u00e9 o dia 20 deveremos ter essa defini\u00e7\u00e3o\u201d, informou Chagas.<\/p>\n<p style=\"text-align: justify;\">Outro ponto abordado pelo jornalista foi a possibilidade de uso dos recursos dos dep\u00f3sitos judiciais pelo governo. Belivaldo Chagas disse que provavelmente a administra\u00e7\u00e3o vai trabalhar sem contar com esses valores, mas se eles vierem vai ser bom. Outros temas abordados foi o tempo que passou a frente do governo, que ele disse ter sido tranq\u00fcilo.<\/p>\n<p style=\"text-align: justify;\">\u201cDurante esse tr\u00eas meses, contei com a confian\u00e7a do governador Jackson Barreto, e com a equipe do governo. Apesar das dificuldades, circulamos por todo o estado para inaugurar e autorizar obras. Temos obras important\u00edssimas em Tobias Barreto, Lagarto, Itabaiana, Canind\u00e9\u201d, disse, referindo-se \u00e0 ponte que Liga Tobias \u00e0 Itapicuru, na Bahia; obras de pavimenta\u00e7\u00e3o e autoriza\u00e7\u00e3o para constru\u00e7\u00e3o de Orla de Canind\u00e9 , esgotamento sanit\u00e1rio em Lagarto e gin\u00e1sio de esporte e saneamento em Itabaiana.<\/p>\n<p style=\"text-align: justify;\">Durante o telejornal, telespectadores perguntaram se a gest\u00e3o estadual pretende convocar mais excedentes da Pol\u00edcia Militar. O governador em exerc\u00edcio explicou que novas convoca\u00e7\u00f5es ser\u00e3o realizadas conforme a necessidade.\u00a0 \u201cN\u00f3s temos policiais fazendo curso, a partir do momento que esse pessoal tomar posse e a partir da necessidade, podemos partir para a reserva t\u00e9cnica\u201d.<\/p>\n<p><strong>Acompanhe o SE Not\u00edcias no\u00a0<a href=\"https:\/\/twitter.com\/Senoticias\" target=\"_blank\">Twitter\u00a0<\/a>e no\u00a0<a href=\"https:\/\/www.facebook.com\/PortalSENoticias\/\" target=\"_blank\">Facebook<\/a><\/strong><\/p>\n<p style=\"text-align: justify;\"><strong><em>Secretaria de Estado da Comunica\u00e7\u00e3o Social<\/em><\/strong><br \/>\n<strong><em> Governo de Sergipe<\/em><\/strong><\/p>\n","protected":false},"excerpt":{"rendered":"<p>O governador de Sergipe em exerc\u00edcio, Belivaldo Chagas, concedeu entrevista \u00e0 TV Sergipe nesta sexta-feira, 13, onde falou sobre a interinidade \u00e0 frente da gest\u00e3o do poder executivo estadual. Na pr\u00f3xima segunda-feira, 16, o governador Jackson Barreto retoma o governo ap\u00f3s 90 dias de afastamento por causas m\u00e9dicas. Durante o notici\u00e1rio, Belivaldo respondeu \u00e0s perguntas [&hellip;]<\/p>\n","protected":false},"author":1,"featured_media":86019,"comment_status":"closed","ping_status":"closed","sticky":false,"template":"","format":"standard","meta":{"footnotes":""},"categories":[6],"tags":[],"class_list":{"0":"post-86018","1":"post","2":"type-post","3":"status-publish","4":"format-standard","5":"has-post-thumbnail","7":"category-politica"},"_links":{"self":[{"href":"https:\/\/senoticias.com.br\/se\/wp-json\/wp\/v2\/posts\/86018"}],"collection":[{"href":"https:\/\/senoticias.com.br\/se\/wp-json\/wp\/v2\/posts"}],"about":[{"href":"https:\/\/senoticias.com.br\/se\/wp-json\/wp\/v2\/types\/post"}],"author":[{"embeddable":true,"href":"https:\/\/senoticias.com.br\/se\/wp-json\/wp\/v2\/users\/1"}],"replies":[{"embeddable":true,"href":"https:\/\/senoticias.com.br\/se\/wp-json\/wp\/v2\/comments?post=86018"}],"version-history":[{"count":0,"href":"https:\/\/senoticias.com.br\/se\/wp-json\/wp\/v2\/posts\/86018\/revisions"}],"wp:featuredmedia":[{"embeddable":true,"href":"https:\/\/senoticias.com.br\/se\/wp-json\/wp\/v2\/media\/86019"}],"wp:attachment":[{"href":"https:\/\/senoticias.com.br\/se\/wp-json\/wp\/v2\/media?parent=86018"}],"wp:term":[{"taxonomy":"category","embeddable":true,"href":"https:\/\/senoticias.com.br\/se\/wp-json\/wp\/v2\/categories?post=86018"},{"taxonomy":"post_tag","embeddable":true,"href":"https:\/\/senoticias.com.br\/se\/wp-json\/wp\/v2\/tags?post=86018"}],"curies":[{"name":"wp","href":"https:\/\/api.w.org\/{rel}","templated":true}]}}