{"id":86015,"date":"2015-11-13T14:25:23","date_gmt":"2015-11-13T17:25:23","guid":{"rendered":"http:\/\/senoticias.com.br\/se\/?p=86015"},"modified":"2015-11-13T14:26:24","modified_gmt":"2015-11-13T17:26:24","slug":"governo-do-estado-reune-imprensa-para-ato-de-transferencia-de-cargo","status":"publish","type":"post","link":"https:\/\/senoticias.com.br\/se\/governo-do-estado-reune-imprensa-para-ato-de-transferencia-de-cargo\/","title":{"rendered":"Governo do Estado re\u00fane imprensa para ato de transfer\u00eancia de cargo"},"content":{"rendered":"<p style=\"text-align: justify;\">O Governo do Estado convida a imprensa para o ato de transfer\u00eancia de cargo do governador em exerc\u00edcio, Belivaldo Chagas para o titular, Jackson Barreto, nesta segunda-feira, dia 16, \u00e0s 08 horas no pal\u00e1cio de Veraneio.<\/p>\n<p>Na ocasi\u00e3o, Jackson noticiar\u00e1 novas diretrizes administrativas e apresentar\u00e1 perspectivas para 2016.<\/p>\n<p>Com a volta do governador, Belivaldo Chagas volta a exercer as fun\u00e7\u00f5es de vice-governador e secret\u00e1rio chefe da Casa Civil.<\/p>\n<div id=\"attachment_62611\" style=\"width: 515px\" class=\"wp-caption aligncenter\"><a href=\"http:\/\/senoticias.com.br\/se\/wp-content\/uploads\/2014\/04\/Notaimprensa3.jpg\"><img loading=\"lazy\" decoding=\"async\" aria-describedby=\"caption-attachment-62611\" class=\"size-full wp-image-62611\" alt=\"Na ocasi\u00e3o, Jackson noticiar\u00e1 novas diretrizes administrativas e apresentar\u00e1 perspectivas para 2016\" src=\"http:\/\/senoticias.com.br\/se\/wp-content\/uploads\/2014\/04\/Notaimprensa3.jpg\" width=\"505\" height=\"301\" srcset=\"https:\/\/senoticias.com.br\/se\/wp-content\/uploads\/2014\/04\/Notaimprensa3.jpg 505w, https:\/\/senoticias.com.br\/se\/wp-content\/uploads\/2014\/04\/Notaimprensa3-300x178.jpg 300w, https:\/\/senoticias.com.br\/se\/wp-content\/uploads\/2014\/04\/Notaimprensa3-342x203.jpg 342w\" sizes=\"(max-width: 505px) 100vw, 505px\" \/><\/a><p id=\"caption-attachment-62611\" class=\"wp-caption-text\">Na ocasi\u00e3o, Jackson noticiar\u00e1 novas diretrizes administrativas e apresentar\u00e1 perspectivas para 2016<\/p><\/div>\n<p><strong>Servi\u00e7o<\/strong><\/p>\n<p style=\"text-align: justify;\"><strong>O qu\u00ea-\u00a0<\/strong>Ato de transfer\u00eancia de cargo de Belivaldo Chagas para Jackson Barreto;<\/p>\n<p><strong>Quando-<\/strong>\u00a0Nesta segunda-feira, dia 16, \u00e0s 8 horas;<\/p>\n<p><strong>Onde-<\/strong>\u00a0Pal\u00e1cio de Veraneio.<\/p>\n","protected":false},"excerpt":{"rendered":"<p>O Governo do Estado convida a imprensa para o ato de transfer\u00eancia de cargo do governador em exerc\u00edcio, Belivaldo Chagas para o titular, Jackson Barreto, nesta segunda-feira, dia 16, \u00e0s 08 horas no pal\u00e1cio de Veraneio. Na ocasi\u00e3o, Jackson noticiar\u00e1 novas diretrizes administrativas e apresentar\u00e1 perspectivas para 2016. Com a volta do governador, Belivaldo Chagas [&hellip;]<\/p>\n","protected":false},"author":1,"featured_media":62611,"comment_status":"closed","ping_status":"closed","sticky":false,"template":"","format":"standard","meta":{"footnotes":""},"categories":[6,1],"tags":[],"class_list":{"0":"post-86015","1":"post","2":"type-post","3":"status-publish","4":"format-standard","5":"has-post-thumbnail","7":"category-politica","8":"category-sem-categoria"},"_links":{"self":[{"href":"https:\/\/senoticias.com.br\/se\/wp-json\/wp\/v2\/posts\/86015"}],"collection":[{"href":"https:\/\/senoticias.com.br\/se\/wp-json\/wp\/v2\/posts"}],"about":[{"href":"https:\/\/senoticias.com.br\/se\/wp-json\/wp\/v2\/types\/post"}],"author":[{"embeddable":true,"href":"https:\/\/senoticias.com.br\/se\/wp-json\/wp\/v2\/users\/1"}],"replies":[{"embeddable":true,"href":"https:\/\/senoticias.com.br\/se\/wp-json\/wp\/v2\/comments?post=86015"}],"version-history":[{"count":0,"href":"https:\/\/senoticias.com.br\/se\/wp-json\/wp\/v2\/posts\/86015\/revisions"}],"wp:featuredmedia":[{"embeddable":true,"href":"https:\/\/senoticias.com.br\/se\/wp-json\/wp\/v2\/media\/62611"}],"wp:attachment":[{"href":"https:\/\/senoticias.com.br\/se\/wp-json\/wp\/v2\/media?parent=86015"}],"wp:term":[{"taxonomy":"category","embeddable":true,"href":"https:\/\/senoticias.com.br\/se\/wp-json\/wp\/v2\/categories?post=86015"},{"taxonomy":"post_tag","embeddable":true,"href":"https:\/\/senoticias.com.br\/se\/wp-json\/wp\/v2\/tags?post=86015"}],"curies":[{"name":"wp","href":"https:\/\/api.w.org\/{rel}","templated":true}]}}