{"id":86013,"date":"2015-11-13T14:24:28","date_gmt":"2015-11-13T17:24:28","guid":{"rendered":"http:\/\/senoticias.com.br\/se\/?p=86013"},"modified":"2015-11-13T14:24:28","modified_gmt":"2015-11-13T17:24:28","slug":"tribunal-de-justica-decreta-ilegalidade-da-greve-dos-servidores-do-detran","status":"publish","type":"post","link":"https:\/\/senoticias.com.br\/se\/tribunal-de-justica-decreta-ilegalidade-da-greve-dos-servidores-do-detran\/","title":{"rendered":"Tribunal de Justi\u00e7a decreta ilegalidade da greve dos servidores do Detran"},"content":{"rendered":"<p>Em julgamento realizado no \u00faltimo dia 11 de novembro, o Tribunal de Justi\u00e7a de Sergipe confirmou por unanimidade a\u00a0decis\u00e3o\u00a0de ilegalidade da greve dos servidores do Detran\/SE.<\/p>\n<p>A autarquia aguarda a publica\u00e7\u00e3o do conte\u00fado do julgamento e tomar\u00e1 as provid\u00eancias administrativas em rela\u00e7\u00e3o \u00e0 frequ\u00eancia dos\u00a0servidores\u00a0durante as paralisa\u00e7\u00f5es.<\/p>\n<p>por Ascom\/Detran<\/p>\n","protected":false},"excerpt":{"rendered":"<p>Em julgamento realizado no \u00faltimo dia 11 de novembro, o Tribunal de Justi\u00e7a de Sergipe confirmou por unanimidade a\u00a0decis\u00e3o\u00a0de ilegalidade da greve dos servidores do Detran\/SE. A autarquia aguarda a publica\u00e7\u00e3o do conte\u00fado do julgamento e tomar\u00e1 as provid\u00eancias administrativas em rela\u00e7\u00e3o \u00e0 frequ\u00eancia dos\u00a0servidores\u00a0durante as paralisa\u00e7\u00f5es. por Ascom\/Detran<\/p>\n","protected":false},"author":1,"featured_media":0,"comment_status":"closed","ping_status":"closed","sticky":false,"template":"","format":"standard","meta":{"footnotes":""},"categories":[1],"tags":[],"class_list":{"0":"post-86013","1":"post","2":"type-post","3":"status-publish","4":"format-standard","6":"category-sem-categoria"},"_links":{"self":[{"href":"https:\/\/senoticias.com.br\/se\/wp-json\/wp\/v2\/posts\/86013"}],"collection":[{"href":"https:\/\/senoticias.com.br\/se\/wp-json\/wp\/v2\/posts"}],"about":[{"href":"https:\/\/senoticias.com.br\/se\/wp-json\/wp\/v2\/types\/post"}],"author":[{"embeddable":true,"href":"https:\/\/senoticias.com.br\/se\/wp-json\/wp\/v2\/users\/1"}],"replies":[{"embeddable":true,"href":"https:\/\/senoticias.com.br\/se\/wp-json\/wp\/v2\/comments?post=86013"}],"version-history":[{"count":0,"href":"https:\/\/senoticias.com.br\/se\/wp-json\/wp\/v2\/posts\/86013\/revisions"}],"wp:attachment":[{"href":"https:\/\/senoticias.com.br\/se\/wp-json\/wp\/v2\/media?parent=86013"}],"wp:term":[{"taxonomy":"category","embeddable":true,"href":"https:\/\/senoticias.com.br\/se\/wp-json\/wp\/v2\/categories?post=86013"},{"taxonomy":"post_tag","embeddable":true,"href":"https:\/\/senoticias.com.br\/se\/wp-json\/wp\/v2\/tags?post=86013"}],"curies":[{"name":"wp","href":"https:\/\/api.w.org\/{rel}","templated":true}]}}