{"id":86010,"date":"2015-11-13T14:15:48","date_gmt":"2015-11-13T17:15:48","guid":{"rendered":"http:\/\/senoticias.com.br\/se\/?p=86010"},"modified":"2015-11-13T14:15:48","modified_gmt":"2015-11-13T17:15:48","slug":"policia-civil-prende-casal-acusado-de-trafico-de-entorpecentes-no-bairro-bugio","status":"publish","type":"post","link":"https:\/\/senoticias.com.br\/se\/policia-civil-prende-casal-acusado-de-trafico-de-entorpecentes-no-bairro-bugio\/","title":{"rendered":"Pol\u00edcia Civil prende casal acusado de tr\u00e1fico de entorpecentes no Bairro Bugio"},"content":{"rendered":"<div id=\"attachment_86011\" style=\"width: 310px\" class=\"wp-caption alignright\"><a href=\"http:\/\/senoticias.com.br\/se\/wp-content\/uploads\/2015\/11\/casal.png\"><img loading=\"lazy\" decoding=\"async\" aria-describedby=\"caption-attachment-86011\" class=\"size-medium wp-image-86011\" alt=\"Casal foi encaminhado a delegacia plantonista. (Foto: SSP\/SE)\" src=\"http:\/\/senoticias.com.br\/se\/wp-content\/uploads\/2015\/11\/casal-300x253.png\" width=\"300\" height=\"253\" srcset=\"https:\/\/senoticias.com.br\/se\/wp-content\/uploads\/2015\/11\/casal-300x253.png 300w, https:\/\/senoticias.com.br\/se\/wp-content\/uploads\/2015\/11\/casal-342x288.png 342w, https:\/\/senoticias.com.br\/se\/wp-content\/uploads\/2015\/11\/casal.png 450w\" sizes=\"(max-width: 300px) 100vw, 300px\" \/><\/a><p id=\"caption-attachment-86011\" class=\"wp-caption-text\">Casal foi encaminhado a delegacia plantonista. (Foto: SSP\/SE)<\/p><\/div>\n<p style=\"text-align: justify;\">A Pol\u00edcia Civil, por meio do Departamento de Narc\u00f3ticos (Denarc), prendeu na noite de quinta-feira, 12, Rafael Luiz de Santana Santos J\u00fanior, 24 anos, e Andr\u00e9ia Barbosa Silva, 27 anos, acusados de tr\u00e1fico de entorpecentes no bairro Bugio, em Aracaju.<\/p>\n<p style=\"text-align: justify;\">\n<p style=\"text-align: justify;\" align=\"left\">A a\u00e7\u00e3o aconteceu por volta das 19h, quando os policiais receberam a informa\u00e7\u00e3o &#8211; via Disque Den\u00fancia 181 &#8211; de que um casal de namorados estaria comercializando drogas na localidade. Posteriormente, na resid\u00eancia de Andr\u00e9ia, a Pol\u00edcia Civil encontrou um colete bal\u00edstico e uma balan\u00e7a de precis\u00e3o.<\/p>\n<p style=\"text-align: justify;\" align=\"left\">\u201cA mulher informou que o material pertencia ao namorado, ent\u00e3o fomos \u00e0 resid\u00eancia de Rafael e encontramos no guarda-roupa dele certa quantidade de coca\u00edna em uma sacola pl\u00e1stica, em um pote de cor preta e em barra. Com o homem tamb\u00e9m foi encontrado dinheiro\u201d, explicou o delegado Fl\u00e1vio Albuquerque. O caso foi encaminhado \u00e0 Delegacia Plantonista.<\/p>\n<p style=\"text-align: justify;\" align=\"left\"><strong>Acompanhe o SE Not\u00edcias no\u00a0<a href=\"https:\/\/twitter.com\/Senoticias\" target=\"_blank\">Twitter\u00a0<\/a>e no\u00a0<a href=\"https:\/\/www.facebook.com\/PortalSENoticias\/\" target=\"_blank\">Facebook<\/a><\/strong><\/p>\n<p style=\"text-align: justify;\" align=\"left\"><em><strong>Informa\u00e7\u00f5es da SSP\/SE<\/strong><\/em><\/p>\n","protected":false},"excerpt":{"rendered":"<p>A Pol\u00edcia Civil, por meio do Departamento de Narc\u00f3ticos (Denarc), prendeu na noite de quinta-feira, 12, Rafael Luiz de Santana Santos J\u00fanior, 24 anos, e Andr\u00e9ia Barbosa Silva, 27 anos, acusados de tr\u00e1fico de entorpecentes no bairro Bugio, em Aracaju. A a\u00e7\u00e3o aconteceu por volta das 19h, quando os policiais receberam a informa\u00e7\u00e3o &#8211; via [&hellip;]<\/p>\n","protected":false},"author":1,"featured_media":86011,"comment_status":"closed","ping_status":"closed","sticky":false,"template":"","format":"standard","meta":{"footnotes":""},"categories":[15],"tags":[],"class_list":{"0":"post-86010","1":"post","2":"type-post","3":"status-publish","4":"format-standard","5":"has-post-thumbnail","7":"category-destaques"},"_links":{"self":[{"href":"https:\/\/senoticias.com.br\/se\/wp-json\/wp\/v2\/posts\/86010"}],"collection":[{"href":"https:\/\/senoticias.com.br\/se\/wp-json\/wp\/v2\/posts"}],"about":[{"href":"https:\/\/senoticias.com.br\/se\/wp-json\/wp\/v2\/types\/post"}],"author":[{"embeddable":true,"href":"https:\/\/senoticias.com.br\/se\/wp-json\/wp\/v2\/users\/1"}],"replies":[{"embeddable":true,"href":"https:\/\/senoticias.com.br\/se\/wp-json\/wp\/v2\/comments?post=86010"}],"version-history":[{"count":0,"href":"https:\/\/senoticias.com.br\/se\/wp-json\/wp\/v2\/posts\/86010\/revisions"}],"wp:featuredmedia":[{"embeddable":true,"href":"https:\/\/senoticias.com.br\/se\/wp-json\/wp\/v2\/media\/86011"}],"wp:attachment":[{"href":"https:\/\/senoticias.com.br\/se\/wp-json\/wp\/v2\/media?parent=86010"}],"wp:term":[{"taxonomy":"category","embeddable":true,"href":"https:\/\/senoticias.com.br\/se\/wp-json\/wp\/v2\/categories?post=86010"},{"taxonomy":"post_tag","embeddable":true,"href":"https:\/\/senoticias.com.br\/se\/wp-json\/wp\/v2\/tags?post=86010"}],"curies":[{"name":"wp","href":"https:\/\/api.w.org\/{rel}","templated":true}]}}