{"id":86004,"date":"2015-11-13T13:19:15","date_gmt":"2015-11-13T16:19:15","guid":{"rendered":"http:\/\/senoticias.com.br\/se\/?p=86004"},"modified":"2015-11-15T09:16:08","modified_gmt":"2015-11-15T12:16:08","slug":"feira-gastronomica-acontece-neste-fim-de-semana-em-aracaju","status":"publish","type":"post","link":"https:\/\/senoticias.com.br\/se\/feira-gastronomica-acontece-neste-fim-de-semana-em-aracaju\/","title":{"rendered":"Feira Gastron\u00f4mica acontece neste fim de semana em Aracaju"},"content":{"rendered":"<p style=\"text-align: justify;\"><a href=\"http:\/\/senoticias.com.br\/se\/wp-content\/uploads\/2015\/11\/PANELADA.jpg\"><img loading=\"lazy\" decoding=\"async\" class=\"alignright size-medium wp-image-86005\" alt=\"PANELADA\" src=\"http:\/\/senoticias.com.br\/se\/wp-content\/uploads\/2015\/11\/PANELADA-300x300.jpg\" width=\"300\" height=\"300\" srcset=\"https:\/\/senoticias.com.br\/se\/wp-content\/uploads\/2015\/11\/PANELADA-300x300.jpg 300w, https:\/\/senoticias.com.br\/se\/wp-content\/uploads\/2015\/11\/PANELADA-150x150.jpg 150w, https:\/\/senoticias.com.br\/se\/wp-content\/uploads\/2015\/11\/PANELADA-50x50.jpg 50w, https:\/\/senoticias.com.br\/se\/wp-content\/uploads\/2015\/11\/PANELADA-342x342.jpg 342w, https:\/\/senoticias.com.br\/se\/wp-content\/uploads\/2015\/11\/PANELADA-70x70.jpg 70w, https:\/\/senoticias.com.br\/se\/wp-content\/uploads\/2015\/11\/PANELADA-55x55.jpg 55w, https:\/\/senoticias.com.br\/se\/wp-content\/uploads\/2015\/11\/PANELADA.jpg 480w\" sizes=\"(max-width: 300px) 100vw, 300px\" \/><\/a>Come\u00e7a neste final de semana a Feira Gastron\u00f4mica &#8211; Panelada em Aracaju. O evento termina no domingo dia 15 de novembro, ou seja, os sergipanos t\u00eam tr\u00eas dias para apreciarem os petiscos e os pratos criados especialmente para o evento. A feira vai acontecer no estacionamento do Espa\u00e7o Sobre as Ondas \u2013 Eventos das 17h30 \u00e0s 22h e neste ano a organiza\u00e7\u00e3o decidiu colocar m\u00fasica ao vivo todos os dias.<\/p>\n<p style=\"text-align: justify;\">Todos os anos sempre no m\u00eas de novembro \u00e9 realizada a Feira de Gourmet \u2013 Panelada, que apresenta de forma charmosa ao estilo feira livre, os melhores petiscos da cidade. A culin\u00e1ria sergipana \u00e9 uma atra\u00e7\u00e3o \u00e0 parte e a feira segundo a sua organizadora, L\u00edcia Melo tem a proposta de defender e estimular a identidade gastron\u00f4mica do Estado. &#8220;A Feira Gourmet sempre foi precedida do Encontro Panelada que \u00e9 um workshop de palestras, que debate a gastronomia e a sua preserva\u00e7\u00e3o cultural. Todas as palestras certificadas sempre foram ministradas por chefes de cozinha, professores de gastronomia, turismo e ambientalistas de n\u00edvel nacional e que tem um s\u00f3 objetivo: preserva\u00e7\u00e3o e incentivar a identidade gastron\u00f4mica do Estado. Este ano decidimos inverter a ordem e o IV Workshop &#8211; Panela vai acontecer depois da feira&#8221;, explica L\u00edcia.<\/p>\n<p style=\"text-align: justify;\"><strong>Participantes da Feira<\/strong><\/p>\n<p style=\"text-align: justify;\">E pra deixar todos com \u00e1gua na boca, aqui vai a lista dos participantes da Feira Gastron\u00f4mica \u2013 Panela deste ano em Sergipe. Afinal, ir a todas as tendas ser\u00e1 no m\u00ednimo uma grande tenta\u00e7\u00e3o. Para quem \u00e9 um apaixonado pela boa comida, j\u00e1 te adianto que se voc\u00ea for \u00e0 sexta, s\u00e1bado ou no domingo, v\u00e1 com a alma leve, com bom humor e disposi\u00e7\u00e3o, porque a feira ser\u00e1 uma grande aventura de sabores e som. Enfim, sem mais demoras, vamos aos participantes:<br \/>\nRisoteria: Terapia do Sabor, Mix Gourmet, Petit Sucre, Adoro Churros Gourmet, Acaraj\u00e9 da Zelia, Aliole, Caldos Gourmet, Blitz Gourmet, Batata no Cone, Batalhas Gourmet, Meu Querido Brigadeiro, Cupcake da Cila, MeuB\u00e3o Lanches, Pet Gula, Rota 79, Los Tchucos e Doce Afeto.<\/p>\n<p style=\"text-align: justify;\"><strong>Acompanhe o SE Not\u00edcias no\u00a0<a href=\"https:\/\/twitter.com\/Senoticias\" target=\"_blank\">Twitter\u00a0<\/a>e no\u00a0<a href=\"https:\/\/www.facebook.com\/PortalSENoticias\/\" target=\"_blank\">Facebook<\/a><\/strong><\/p>\n<p style=\"text-align: justify;\"><em><strong>Da Assessoria de Imprensa<\/strong><\/em><\/p>\n","protected":false},"excerpt":{"rendered":"<p>Come\u00e7a neste final de semana a Feira Gastron\u00f4mica &#8211; Panelada em Aracaju. O evento termina no domingo dia 15 de novembro, ou seja, os sergipanos t\u00eam tr\u00eas dias para apreciarem os petiscos e os pratos criados especialmente para o evento. A feira vai acontecer no estacionamento do Espa\u00e7o Sobre as Ondas \u2013 Eventos das 17h30 [&hellip;]<\/p>\n","protected":false},"author":1,"featured_media":86005,"comment_status":"closed","ping_status":"closed","sticky":false,"template":"","format":"standard","meta":{"footnotes":""},"categories":[310,38],"tags":[],"class_list":{"0":"post-86004","1":"post","2":"type-post","3":"status-publish","4":"format-standard","5":"has-post-thumbnail","7":"category-destaques-da-semana","8":"category-municipios"},"_links":{"self":[{"href":"https:\/\/senoticias.com.br\/se\/wp-json\/wp\/v2\/posts\/86004"}],"collection":[{"href":"https:\/\/senoticias.com.br\/se\/wp-json\/wp\/v2\/posts"}],"about":[{"href":"https:\/\/senoticias.com.br\/se\/wp-json\/wp\/v2\/types\/post"}],"author":[{"embeddable":true,"href":"https:\/\/senoticias.com.br\/se\/wp-json\/wp\/v2\/users\/1"}],"replies":[{"embeddable":true,"href":"https:\/\/senoticias.com.br\/se\/wp-json\/wp\/v2\/comments?post=86004"}],"version-history":[{"count":0,"href":"https:\/\/senoticias.com.br\/se\/wp-json\/wp\/v2\/posts\/86004\/revisions"}],"wp:featuredmedia":[{"embeddable":true,"href":"https:\/\/senoticias.com.br\/se\/wp-json\/wp\/v2\/media\/86005"}],"wp:attachment":[{"href":"https:\/\/senoticias.com.br\/se\/wp-json\/wp\/v2\/media?parent=86004"}],"wp:term":[{"taxonomy":"category","embeddable":true,"href":"https:\/\/senoticias.com.br\/se\/wp-json\/wp\/v2\/categories?post=86004"},{"taxonomy":"post_tag","embeddable":true,"href":"https:\/\/senoticias.com.br\/se\/wp-json\/wp\/v2\/tags?post=86004"}],"curies":[{"name":"wp","href":"https:\/\/api.w.org\/{rel}","templated":true}]}}