{"id":86000,"date":"2015-11-13T10:28:24","date_gmt":"2015-11-13T13:28:24","guid":{"rendered":"http:\/\/senoticias.com.br\/se\/?p=86000"},"modified":"2015-11-13T10:57:43","modified_gmt":"2015-11-13T13:57:43","slug":"pesquisa-aponta-percentuais-dos-pre-candidatos-em-rosario-do-catete","status":"publish","type":"post","link":"https:\/\/senoticias.com.br\/se\/pesquisa-aponta-percentuais-dos-pre-candidatos-em-rosario-do-catete\/","title":{"rendered":"Pesquisa aponta percentuais dos pr\u00e9-candidatos em Ros\u00e1rio do Catete"},"content":{"rendered":"<div id=\"attachment_32120\" style=\"width: 292px\" class=\"wp-caption alignright\"><a href=\"http:\/\/senoticias.com.br\/se\/wp-content\/uploads\/2012\/05\/Etelvino-Barreto.jpg\"><img loading=\"lazy\" decoding=\"async\" aria-describedby=\"caption-attachment-32120\" class=\"size-medium wp-image-32120\" alt=\"Ex-prefeito Etelvino Barreto lamenta que o ex-prefeito La\u00e9rcio Passos. (Foto: reprodu\u00e7\u00e3o)\" src=\"http:\/\/senoticias.com.br\/se\/wp-content\/uploads\/2012\/05\/Etelvino-Barreto-282x300.jpg\" width=\"282\" height=\"300\" srcset=\"https:\/\/senoticias.com.br\/se\/wp-content\/uploads\/2012\/05\/Etelvino-Barreto-282x300.jpg 282w, https:\/\/senoticias.com.br\/se\/wp-content\/uploads\/2012\/05\/Etelvino-Barreto-300x318.jpg 300w, https:\/\/senoticias.com.br\/se\/wp-content\/uploads\/2012\/05\/Etelvino-Barreto-80x85.jpg 80w, https:\/\/senoticias.com.br\/se\/wp-content\/uploads\/2012\/05\/Etelvino-Barreto.jpg 394w\" sizes=\"(max-width: 282px) 100vw, 282px\" \/><\/a><p id=\"caption-attachment-32120\" class=\"wp-caption-text\">De acordo com a pesquisa o \u00a0ex-prefeito Etelvino Barreto \u00a0tem 29,6 % das inten\u00e7\u00f5es de votos . (Foto: reprodu\u00e7\u00e3o)<\/p><\/div>\n<p style=\"text-align: justify;\">Na primeira pesquisa eleitoral \u00e0 sucess\u00e3o \u00e0 Prefeitura de Ros\u00e1rio do Catete, divulgada pelo jornalista Gilmar Carvalho no programa Fala Sergipe da MIX FM, desta sexta-feira (13). A pesquisa foi realizada \u00a0no \u00faltimo dia, 7, de outubro,\u00a0\u00a0o Instituto Padr\u00e3o ouviu 399 eleitores no munic\u00edpio, sobre a elei\u00e7\u00e3o para prefeito.<\/p>\n<p style=\"text-align: justify;\">A margem de erro \u00e9 de 4,78%, para mais ou para menos.<\/p>\n<p style=\"text-align: justify;\">Veja o resultado da pesquisa estimulada (apresentados nomes de prov\u00e1veis pr\u00e9-candidatos) de inten\u00e7\u00e3o de voto para prefeito:<\/p>\n<p><strong>La\u00e9rcio \u00a0 Passos<\/strong> \u00a0 \u00a0 \u00a0 \u00a0 \u00a0 \u00a0 \u00a0 \u00a0 \u00a0 \u00a0 \u00a0 \u00a0 \u00a0 \u00a0 \u00a0 \u00a0 \u00a0 \u00a0 \u00a0 44,2%<br \/>\n<strong>Etelvino Barreto (Vino)<\/strong> \u00a0 \u00a0 \u00a0 \u00a0 \u00a0 \u00a0 \u00a0 \u00a0 \u00a0 \u00a0 \u00a0 \u00a0 29,6%<br \/>\n<strong>Magno Monteiro (Monteirinho)<\/strong>\u00a0 \u00a0 \u00a0 \u00a0 \u00a0 \u00a0 \u00a09,5%<br \/>\n<strong>H\u00e9lio Santos (Helinho)<\/strong>\u00a0 \u00a0 \u00a0 \u00a0 \u00a0 \u00a0 \u00a0 \u00a0 \u00a0 \u00a0 \u00a0 \u00a0 \u00a0 \u00a0 \u00a06,5%<br \/>\n<strong>Vagner Quintela \u00a0<\/strong>\u00a0 1,5<\/p>\n<p>Nenhum\/Nulo\/Branco \u00a0 \u00a0 \u00a0 \u00a0 \u00a0 \u00a0 \u00a0 \u00a0 \u00a0 \u00a0 \u00a0 \u00a0 \u00a0 \u00a0 2,0%<br \/>\nIndecisos \u00a0 \u00a0 \u00a0 \u00a0 \u00a0 \u00a0 \u00a0 \u00a0 \u00a0 \u00a0 \u00a0 \u00a0 \u00a0 \u00a0 \u00a0 \u00a0 \u00a0 \u00a0 \u00a0 \u00a0 \u00a0 \u00a0 \u00a0 \u00a0 \u00a0 \u00a06,5%<\/p>\n<p><em><strong>Informa\u00e7\u00f5es do jornalista Gilmar Carvalho, da MIX FM.<\/strong><\/em><\/p>\n<p><strong>Acompanhe o SE Not\u00edcias no\u00a0<a href=\"https:\/\/twitter.com\/Senoticias\" target=\"_blank\">Twitter\u00a0<\/a>e no\u00a0<a href=\"https:\/\/www.facebook.com\/PortalSENoticias\/\" target=\"_blank\">Facebook<\/a><\/strong><\/p>\n<p>&nbsp;<\/p>\n<p>&nbsp;<\/p>\n","protected":false},"excerpt":{"rendered":"<p>Na primeira pesquisa eleitoral \u00e0 sucess\u00e3o \u00e0 Prefeitura de Ros\u00e1rio do Catete, divulgada pelo jornalista Gilmar Carvalho no programa Fala Sergipe da MIX FM, desta sexta-feira (13). A pesquisa foi realizada \u00a0no \u00faltimo dia, 7, de outubro,\u00a0\u00a0o Instituto Padr\u00e3o ouviu 399 eleitores no munic\u00edpio, sobre a elei\u00e7\u00e3o para prefeito. A margem de erro \u00e9 de [&hellip;]<\/p>\n","protected":false},"author":1,"featured_media":32120,"comment_status":"closed","ping_status":"closed","sticky":false,"template":"","format":"standard","meta":{"footnotes":""},"categories":[6],"tags":[],"class_list":{"0":"post-86000","1":"post","2":"type-post","3":"status-publish","4":"format-standard","5":"has-post-thumbnail","7":"category-politica"},"_links":{"self":[{"href":"https:\/\/senoticias.com.br\/se\/wp-json\/wp\/v2\/posts\/86000"}],"collection":[{"href":"https:\/\/senoticias.com.br\/se\/wp-json\/wp\/v2\/posts"}],"about":[{"href":"https:\/\/senoticias.com.br\/se\/wp-json\/wp\/v2\/types\/post"}],"author":[{"embeddable":true,"href":"https:\/\/senoticias.com.br\/se\/wp-json\/wp\/v2\/users\/1"}],"replies":[{"embeddable":true,"href":"https:\/\/senoticias.com.br\/se\/wp-json\/wp\/v2\/comments?post=86000"}],"version-history":[{"count":0,"href":"https:\/\/senoticias.com.br\/se\/wp-json\/wp\/v2\/posts\/86000\/revisions"}],"wp:featuredmedia":[{"embeddable":true,"href":"https:\/\/senoticias.com.br\/se\/wp-json\/wp\/v2\/media\/32120"}],"wp:attachment":[{"href":"https:\/\/senoticias.com.br\/se\/wp-json\/wp\/v2\/media?parent=86000"}],"wp:term":[{"taxonomy":"category","embeddable":true,"href":"https:\/\/senoticias.com.br\/se\/wp-json\/wp\/v2\/categories?post=86000"},{"taxonomy":"post_tag","embeddable":true,"href":"https:\/\/senoticias.com.br\/se\/wp-json\/wp\/v2\/tags?post=86000"}],"curies":[{"name":"wp","href":"https:\/\/api.w.org\/{rel}","templated":true}]}}