{"id":85997,"date":"2015-11-13T08:06:32","date_gmt":"2015-11-13T11:06:32","guid":{"rendered":"http:\/\/senoticias.com.br\/se\/?p=85997"},"modified":"2015-11-13T18:50:05","modified_gmt":"2015-11-13T21:50:05","slug":"homem-e-preso-com-arma-de-numeracao-raspada-em-itaporanga","status":"publish","type":"post","link":"https:\/\/senoticias.com.br\/se\/homem-e-preso-com-arma-de-numeracao-raspada-em-itaporanga\/","title":{"rendered":"Homem \u00e9 preso com arma de numera\u00e7\u00e3o raspada em Itaporanga"},"content":{"rendered":"<p style=\"text-align: justify;\">A Pol\u00edcia Militar do Estado de Sergipe, atrav\u00e9s da 1\u00aa Companhia do 1\u00ba Batalh\u00e3o de Pol\u00edcia Comunit\u00e1ria (1\u00aa Cia\/1\u00ba BPCom), prendeu Luis Carlos Silva Santos, conhecido como \u201cLuizinho\u201d, de 18 anos, e apreendeu um adolescente de 14 anos por suspeita de crime de porte ilegal de arma de fogo e ato infracional correspondente, na manh\u00e3 desta quinta-feira, 12, no munic\u00edpio de Itaporanga D\u2019Ajuda.<\/p>\n<div id=\"attachment_85998\" style=\"width: 608px\" class=\"wp-caption aligncenter\"><a href=\"http:\/\/senoticias.com.br\/se\/wp-content\/uploads\/2015\/11\/ne-e1447412673854.jpg\"><img loading=\"lazy\" decoding=\"async\" aria-describedby=\"caption-attachment-85998\" class=\"size-full wp-image-85998\" alt=\" A primeira informa\u00e7\u00e3o, repassada por Luizinho, era de que o rev\u00f3lver pertencia ao adolescente, mas foi descartada pela Pol\u00edcia Civil.(Foto: SSP\/SE)\" src=\"http:\/\/senoticias.com.br\/se\/wp-content\/uploads\/2015\/11\/ne-e1447412673854.jpg\" width=\"598\" height=\"855\" \/><\/a><p id=\"caption-attachment-85998\" class=\"wp-caption-text\"><br \/>A primeira informa\u00e7\u00e3o, repassada por Luizinho, era de que o rev\u00f3lver pertencia ao adolescente, mas foi descartada pela Pol\u00edcia. (Foto: SSP\/SE)<\/p><\/div>\n<p style=\"text-align: justify;\">A dupla foi flagrada nas proximidades da c\u00e2mara dos vereadores, quando a guarni\u00e7\u00e3o \u201cPantera 02\u201d realizava rondas preventivas na \u00e1rea e foi abordada por um cidad\u00e3o dizendo ter vizualizado na pra\u00e7a central um indiv\u00edduo que o teria assaltado na \u00faltima ter\u00e7a-feira, 10. A equipe empreendeu buscas e prendeu o suspeito.<\/p>\n<p style=\"text-align: justify;\">A a\u00e7\u00e3o foi frustrada pelos policiais, que revistaram ambos e identificaram com o adolescente um rev\u00f3lver calibre 38\u00a0com numera\u00e7\u00e3o raspada, com seis muni\u00e7\u00f5es. Indagado pela equipe, Luizinho confessou que o armamento era de sua propriedade e que teria repassado ao menor de idade a fim de despistar a pol\u00edcia.<\/p>\n<p style=\"text-align: justify;\">Segundo a delegada do munic\u00edpio de Itaporanga D\u2019Ajuda, Mariana Amorim, Luizinho, tem v\u00e1rias passagens na delegacia de Itaporanga D\u2019Ajuda por crimes contra o patrim\u00f4nio, praticados desde quando era menor de idade.<\/p>\n<p style=\"text-align: justify;\">O adolescente de 14 anos foi ouvido e liberado, mediante assinatura de um termo de compromisso e responsabilidade de se apresentar ao representante do Minist\u00e9rio P\u00fablico quando convocado.<\/p>\n<p style=\"text-align: justify;\"><strong>Acompanhe o SE Not\u00edcias no\u00a0<a href=\"https:\/\/twitter.com\/Senoticias\" target=\"_blank\">Twitter\u00a0<\/a>e no\u00a0<a href=\"https:\/\/www.facebook.com\/PortalSENoticias\/\" target=\"_blank\">Facebook<\/a><\/strong><\/p>\n<p style=\"text-align: justify;\"><em><strong>Com informa\u00e7\u00f5es da PM\/SE<\/strong><\/em><\/p>\n","protected":false},"excerpt":{"rendered":"<p>A Pol\u00edcia Militar do Estado de Sergipe, atrav\u00e9s da 1\u00aa Companhia do 1\u00ba Batalh\u00e3o de Pol\u00edcia Comunit\u00e1ria (1\u00aa Cia\/1\u00ba BPCom), prendeu Luis Carlos Silva Santos, conhecido como \u201cLuizinho\u201d, de 18 anos, e apreendeu um adolescente de 14 anos por suspeita de crime de porte ilegal de arma de fogo e ato infracional correspondente, na manh\u00e3 [&hellip;]<\/p>\n","protected":false},"author":3,"featured_media":85998,"comment_status":"closed","ping_status":"closed","sticky":false,"template":"","format":"standard","meta":{"footnotes":""},"categories":[7],"tags":[],"class_list":{"0":"post-85997","1":"post","2":"type-post","3":"status-publish","4":"format-standard","5":"has-post-thumbnail","7":"category-policia"},"_links":{"self":[{"href":"https:\/\/senoticias.com.br\/se\/wp-json\/wp\/v2\/posts\/85997"}],"collection":[{"href":"https:\/\/senoticias.com.br\/se\/wp-json\/wp\/v2\/posts"}],"about":[{"href":"https:\/\/senoticias.com.br\/se\/wp-json\/wp\/v2\/types\/post"}],"author":[{"embeddable":true,"href":"https:\/\/senoticias.com.br\/se\/wp-json\/wp\/v2\/users\/3"}],"replies":[{"embeddable":true,"href":"https:\/\/senoticias.com.br\/se\/wp-json\/wp\/v2\/comments?post=85997"}],"version-history":[{"count":0,"href":"https:\/\/senoticias.com.br\/se\/wp-json\/wp\/v2\/posts\/85997\/revisions"}],"wp:featuredmedia":[{"embeddable":true,"href":"https:\/\/senoticias.com.br\/se\/wp-json\/wp\/v2\/media\/85998"}],"wp:attachment":[{"href":"https:\/\/senoticias.com.br\/se\/wp-json\/wp\/v2\/media?parent=85997"}],"wp:term":[{"taxonomy":"category","embeddable":true,"href":"https:\/\/senoticias.com.br\/se\/wp-json\/wp\/v2\/categories?post=85997"},{"taxonomy":"post_tag","embeddable":true,"href":"https:\/\/senoticias.com.br\/se\/wp-json\/wp\/v2\/tags?post=85997"}],"curies":[{"name":"wp","href":"https:\/\/api.w.org\/{rel}","templated":true}]}}