{"id":85994,"date":"2015-11-12T22:44:50","date_gmt":"2015-11-13T01:44:50","guid":{"rendered":"http:\/\/senoticias.com.br\/se\/?p=85994"},"modified":"2015-11-12T22:57:19","modified_gmt":"2015-11-13T01:57:19","slug":"stf-proibe-doacoes-eleitorais-ocultas","status":"publish","type":"post","link":"https:\/\/senoticias.com.br\/se\/stf-proibe-doacoes-eleitorais-ocultas\/","title":{"rendered":"STF pro\u00edbe doa\u00e7\u00f5es eleitorais ocultas"},"content":{"rendered":"<p style=\"text-align: justify;\"><em><strong>Renan Ramalho, do G1, em Bras\u00edlia<\/strong><\/em><\/p>\n<p style=\"text-align: justify;\">O Supremo Tribunal Federal (STF) decidiu nesta quinta-feira (12) derrubar uma regra da minirreforma eleitoral aprovada neste ano que\u00a0impedia identificar os doadores das campanhas de cada candidato. Os ministros entenderam que a norma contraria a transpar\u00eancia na disputa eleitoral, compromete a fiscaliza\u00e7\u00e3o das contas e dificulta a escolha de candidatos pelo eleitor.<\/p>\n<div id=\"attachment_85996\" style=\"width: 608px\" class=\"wp-caption aligncenter\"><a href=\"http:\/\/senoticias.com.br\/se\/wp-content\/uploads\/2015\/11\/eleicoes-2014-c\u00f3pia-e1447379821781.jpg\"><img loading=\"lazy\" decoding=\"async\" aria-describedby=\"caption-attachment-85996\" class=\"size-full wp-image-85996\" alt=\"As elei\u00e7\u00f5es acontecer\u00e3o em todo o Brasil no dia 2 de outubro do pr\u00f3ximo ano. (Divulga\u00e7\u00e3o)\" src=\"http:\/\/senoticias.com.br\/se\/wp-content\/uploads\/2015\/11\/eleicoes-2014-c\u00f3pia-e1447379821781.jpg\" width=\"598\" height=\"224\" \/><\/a><p id=\"caption-attachment-85996\" class=\"wp-caption-text\">As elei\u00e7\u00f5es acontecer\u00e3o em todo o Brasil no dia 2 de outubro do pr\u00f3ximo ano. (Divulga\u00e7\u00e3o)<\/p><\/div>\n<p style=\"text-align: justify;\">A nova lei permite a doa\u00e7\u00e3o de pessoas f\u00edsicas a partidos, mas um trecho permite que os valores repassados pelas siglas aos candidatos fossem declarados somente como doa\u00e7\u00e3o das pr\u00f3prias legendas. Sem a \u201cindividualiza\u00e7\u00e3o dos doadores&#8221;, o eleitor n\u00e3o teria como saber quem financiou o candidato. Na pr\u00e1tica, a nova lei invalidou uma resolu\u00e7\u00e3o aprovada no ano passado pelo Tribunal Superior Eleitoral (TSE) que exigia a identifica\u00e7\u00e3o da origem da doa\u00e7\u00e3o repassada pelo partido ao candidato.<\/p>\n<p style=\"text-align: justify;\">Por unanimidade, os ministros do Supremo derrubaram a regra e determinaram que a identifica\u00e7\u00e3o valer\u00e1 para as elei\u00e7\u00f5es municipais do ano que vem.<\/p>\n<p style=\"text-align: justify;\">Relator do caso, o ministro\u00a0Teori Zavascki, argumentou em seu voto que a transpar\u00eancia sobre as doa\u00e7\u00f5es eleitorais \u00e9 necess\u00e1ria n\u00e3o apenas para fiscalizar as contas dos candidatos, mas para dar ao eleitor mais informa\u00e7\u00f5es para votar e dar instrumentos para o Estado combater a corrup\u00e7\u00e3o.<\/p>\n<p>\u201cO conhecimento dos nomes dos doadores ilumina conex\u00f5es pol\u00edticas facilmente subtra\u00eddas do p\u00fablico nos discursos de campanha, denunciando a maior ou menor propens\u00e3o dos candidatos e partidos a abandonar suas convic\u00e7\u00f5es ideol\u00f3gicas em posturas e pragmatismos pol\u00edticos question\u00e1veis, como o fisiologismo, que se conhecidas de antem\u00e3o, poderiam sofrer a rejei\u00e7\u00e3o do eleitorado\u201d, afirmou.<\/p>\n<p style=\"text-align: justify;\">A a\u00e7\u00e3o que pediu a identifica\u00e7\u00e3o dos eleitores foi proposta pela Ordem dos Advogados do Brasil. No julgamento, o presidente da entidade, Marcus Vinicius Furtado Coelho disse que a identifica\u00e7\u00e3o do doador origin\u00e1rio \u00e9 de \u201csuma import\u00e2ncia ao cumprimento do princ\u00edpio republicano\u201d.<\/p>\n<p style=\"text-align: justify;\"><strong>Acompanhe o SE Not\u00edcias no\u00a0<a href=\"https:\/\/twitter.com\/Senoticias\" target=\"_blank\">Twitter\u00a0<\/a>e no\u00a0<a href=\"https:\/\/www.facebook.com\/PortalSENoticias\/\" target=\"_blank\">Facebook<\/a><\/strong><\/p>\n","protected":false},"excerpt":{"rendered":"<p>Renan Ramalho, do G1, em Bras\u00edlia O Supremo Tribunal Federal (STF) decidiu nesta quinta-feira (12) derrubar uma regra da minirreforma eleitoral aprovada neste ano que\u00a0impedia identificar os doadores das campanhas de cada candidato. Os ministros entenderam que a norma contraria a transpar\u00eancia na disputa eleitoral, compromete a fiscaliza\u00e7\u00e3o das contas e dificulta a escolha de [&hellip;]<\/p>\n","protected":false},"author":1,"featured_media":85996,"comment_status":"closed","ping_status":"closed","sticky":false,"template":"","format":"standard","meta":{"footnotes":""},"categories":[6,1],"tags":[],"class_list":{"0":"post-85994","1":"post","2":"type-post","3":"status-publish","4":"format-standard","5":"has-post-thumbnail","7":"category-politica","8":"category-sem-categoria"},"_links":{"self":[{"href":"https:\/\/senoticias.com.br\/se\/wp-json\/wp\/v2\/posts\/85994"}],"collection":[{"href":"https:\/\/senoticias.com.br\/se\/wp-json\/wp\/v2\/posts"}],"about":[{"href":"https:\/\/senoticias.com.br\/se\/wp-json\/wp\/v2\/types\/post"}],"author":[{"embeddable":true,"href":"https:\/\/senoticias.com.br\/se\/wp-json\/wp\/v2\/users\/1"}],"replies":[{"embeddable":true,"href":"https:\/\/senoticias.com.br\/se\/wp-json\/wp\/v2\/comments?post=85994"}],"version-history":[{"count":0,"href":"https:\/\/senoticias.com.br\/se\/wp-json\/wp\/v2\/posts\/85994\/revisions"}],"wp:featuredmedia":[{"embeddable":true,"href":"https:\/\/senoticias.com.br\/se\/wp-json\/wp\/v2\/media\/85996"}],"wp:attachment":[{"href":"https:\/\/senoticias.com.br\/se\/wp-json\/wp\/v2\/media?parent=85994"}],"wp:term":[{"taxonomy":"category","embeddable":true,"href":"https:\/\/senoticias.com.br\/se\/wp-json\/wp\/v2\/categories?post=85994"},{"taxonomy":"post_tag","embeddable":true,"href":"https:\/\/senoticias.com.br\/se\/wp-json\/wp\/v2\/tags?post=85994"}],"curies":[{"name":"wp","href":"https:\/\/api.w.org\/{rel}","templated":true}]}}