{"id":85987,"date":"2015-11-12T20:53:45","date_gmt":"2015-11-12T23:53:45","guid":{"rendered":"http:\/\/senoticias.com.br\/se\/?p=85987"},"modified":"2015-11-13T21:07:13","modified_gmt":"2015-11-14T00:07:13","slug":"com-gramado-alagado-classico-entre-argentina-e-brasil-e-adiado-para-sexta","status":"publish","type":"post","link":"https:\/\/senoticias.com.br\/se\/com-gramado-alagado-classico-entre-argentina-e-brasil-e-adiado-para-sexta\/","title":{"rendered":"Com gramado alagado, cl\u00e1ssico entre Argentina e Brasil \u00e9 adiado para sexta"},"content":{"rendered":"<p style=\"text-align: justify;\">Uma forte chuva que desabou na noite desta quinta-feira em Buenos Aires adiou Brasil e Argentina, pela terceira rodada das eliminat\u00f3rias sul-americanas, em um dia. At\u00e9 pouco mais de uma hora antes da partida, o gramado do Monumental de Nu\u00f1ez estava coberto por po\u00e7as, e o \u00e1rbitro avaliou que n\u00e3o teria condi\u00e7\u00f5es de jogo. Ele se encontrou com as duas delega\u00e7\u00f5es, que decidiram em comum acordo transferir a partida para esta sexta-feira \u00e0s 22h (de Bras\u00edlia).<\/p>\n<div id=\"attachment_85993\" style=\"width: 608px\" class=\"wp-caption aligncenter\"><a href=\"http:\/\/senoticias.com.br\/se\/wp-content\/uploads\/2015\/11\/capture-20151112-205544.png\"><img loading=\"lazy\" decoding=\"async\" aria-describedby=\"caption-attachment-85993\" class=\" wp-image-85993 \" alt=\"Argentina e Brasil \u00e9 adiado para esta sexta-feira, novamente \u00e0s 22h (de Bras\u00edlia), no Monumental de Nu\u00f1ez (Foto: AP)\" src=\"http:\/\/senoticias.com.br\/se\/wp-content\/uploads\/2015\/11\/capture-20151112-205544.png\" width=\"598\" height=\"399\" srcset=\"https:\/\/senoticias.com.br\/se\/wp-content\/uploads\/2015\/11\/capture-20151112-205544.png 597w, https:\/\/senoticias.com.br\/se\/wp-content\/uploads\/2015\/11\/capture-20151112-205544-300x200.png 300w, https:\/\/senoticias.com.br\/se\/wp-content\/uploads\/2015\/11\/capture-20151112-205544-342x228.png 342w\" sizes=\"(max-width: 598px) 100vw, 598px\" \/><\/a><p id=\"caption-attachment-85993\" class=\"wp-caption-text\">Argentina e Brasil \u00e9 adiado para esta sexta-feira, novamente \u00e0s 22h (de Bras\u00edlia), no Monumental de Nu\u00f1ez (Foto: AP)<\/p><\/div>\n<p style=\"text-align: justify;\">&#8211; Tivemos uma reuni\u00e3o e n\u00e3o h\u00e1 condi\u00e7\u00f5es. O plano meteorol\u00f3gico \u00e9 de piora no clima e n\u00e3o h\u00e1 motivo para deixar o p\u00fablico esperando. Em comum acordo, deixamos para estar sexta-feira no mesmo hor\u00e1rio. A Argentina queria \u00e0s 20h, mas achamos melhor manter no mesmo hor\u00e1rio &#8211; disse o coordenador de sele\u00e7\u00f5es, Gilmar Rinaldi, em entrevista ao SporTV.<\/p>\n<div id=\"attachment_85989\" style=\"width: 310px\" class=\"wp-caption alignright\"><a href=\"http:\/\/senoticias.com.br\/se\/wp-content\/uploads\/2015\/11\/635829694771115789_1.jpg\"><img loading=\"lazy\" decoding=\"async\" aria-describedby=\"caption-attachment-85989\" class=\" wp-image-85989\" alt=\"Chuva deixou gramado do Monumental alagado antes do in\u00edcio de Brasil x Argentina (Foto: EFE)\" src=\"http:\/\/senoticias.com.br\/se\/wp-content\/uploads\/2015\/11\/635829694771115789_1.jpg\" width=\"300\" height=\"250\" \/><\/a><p id=\"caption-attachment-85989\" class=\"wp-caption-text\">Chuva deixou gramado do Monumental alagado antes do in\u00edcio de Brasil x Argentina (Foto: EFE)<\/p><\/div>\n<p style=\"text-align: justify;\">As po\u00e7as come\u00e7aram a surgir no fim da tarde e, apesar da estiagem (que amenizou a situa\u00e7\u00e3o cr\u00edtica do gramado), a previs\u00e3o \u00e9 que a chuva continue, inclusive, com possibilidade de granizo. Havia a possibilidade de esperar o in\u00edcio de jogo por mais uma hora, mas as pr\u00f3prias delega\u00e7\u00f5es decidiram adiar logo a partida.<\/p>\n<p style=\"text-align: justify;\">&#8211; A condi\u00e7\u00e3o dos jogadores estava amea\u00e7ada. Teria chuva forte com rel\u00e2mpago. Achamos desnecess\u00e1rio esperar pela hora de protocolo, mas n\u00e3o fazia sentido esperar &#8211; completou Gilmar.<\/p>\n<p style=\"text-align: justify;\">Como as duas delega\u00e7\u00f5es chegaram ao Monumental antes do adiamento da partida, a sele\u00e7\u00e3o brasileira seguiu com o aquecimento no vesti\u00e1rio, at\u00e9 para evitar poss\u00edveis problemas f\u00edsicos. Com rela\u00e7\u00e3o ao planejamento desta sexta-feira, a comiss\u00e3o t\u00e9cnica ainda vai decidir o que ser\u00e1 feito.<\/p>\n<p style=\"text-align: justify;\"><em>Com informa\u00e7\u00f5es de Alexandre Lozetti e M\u00e1rcio Iannacca, do Globo Esporte<\/em><br \/>\n<em>em Buenos Aires<\/em><\/p>\n<p style=\"text-align: justify;\"><strong>Acompanhe o SE Not\u00edcias no <a href=\"https:\/\/twitter.com\/Senoticias\" target=\"_blank\">Twitter <\/a>e no <a href=\"https:\/\/www.facebook.com\/PortalSENoticias\/\" target=\"_blank\">Facebook<\/a><\/strong><\/p>\n","protected":false},"excerpt":{"rendered":"<p>Uma forte chuva que desabou na noite desta quinta-feira em Buenos Aires adiou Brasil e Argentina, pela terceira rodada das eliminat\u00f3rias sul-americanas, em um dia. At\u00e9 pouco mais de uma hora antes da partida, o gramado do Monumental de Nu\u00f1ez estava coberto por po\u00e7as, e o \u00e1rbitro avaliou que n\u00e3o teria condi\u00e7\u00f5es de jogo. Ele [&hellip;]<\/p>\n","protected":false},"author":1,"featured_media":85993,"comment_status":"closed","ping_status":"closed","sticky":false,"template":"","format":"standard","meta":{"footnotes":""},"categories":[26],"tags":[],"class_list":{"0":"post-85987","1":"post","2":"type-post","3":"status-publish","4":"format-standard","5":"has-post-thumbnail","7":"category-esportes"},"_links":{"self":[{"href":"https:\/\/senoticias.com.br\/se\/wp-json\/wp\/v2\/posts\/85987"}],"collection":[{"href":"https:\/\/senoticias.com.br\/se\/wp-json\/wp\/v2\/posts"}],"about":[{"href":"https:\/\/senoticias.com.br\/se\/wp-json\/wp\/v2\/types\/post"}],"author":[{"embeddable":true,"href":"https:\/\/senoticias.com.br\/se\/wp-json\/wp\/v2\/users\/1"}],"replies":[{"embeddable":true,"href":"https:\/\/senoticias.com.br\/se\/wp-json\/wp\/v2\/comments?post=85987"}],"version-history":[{"count":0,"href":"https:\/\/senoticias.com.br\/se\/wp-json\/wp\/v2\/posts\/85987\/revisions"}],"wp:featuredmedia":[{"embeddable":true,"href":"https:\/\/senoticias.com.br\/se\/wp-json\/wp\/v2\/media\/85993"}],"wp:attachment":[{"href":"https:\/\/senoticias.com.br\/se\/wp-json\/wp\/v2\/media?parent=85987"}],"wp:term":[{"taxonomy":"category","embeddable":true,"href":"https:\/\/senoticias.com.br\/se\/wp-json\/wp\/v2\/categories?post=85987"},{"taxonomy":"post_tag","embeddable":true,"href":"https:\/\/senoticias.com.br\/se\/wp-json\/wp\/v2\/tags?post=85987"}],"curies":[{"name":"wp","href":"https:\/\/api.w.org\/{rel}","templated":true}]}}