{"id":85984,"date":"2015-11-12T20:23:17","date_gmt":"2015-11-12T23:23:17","guid":{"rendered":"http:\/\/senoticias.com.br\/se\/?p=85984"},"modified":"2015-11-12T20:23:17","modified_gmt":"2015-11-12T23:23:17","slug":"confira-a-programacao-da-festa-de-cruz-bela-em-maruim-2","status":"publish","type":"post","link":"https:\/\/senoticias.com.br\/se\/confira-a-programacao-da-festa-de-cruz-bela-em-maruim-2\/","title":{"rendered":"Confira a programa\u00e7\u00e3o da Festa de Cruz Bela em Maruim"},"content":{"rendered":"<div id=\"attachment_85985\" style=\"width: 310px\" class=\"wp-caption alignright\"><a href=\"http:\/\/senoticias.com.br\/se\/wp-content\/uploads\/2015\/11\/grande-FestadeCruz-Bela2014-f-divulgacao.jpg\"><img loading=\"lazy\" decoding=\"async\" aria-describedby=\"caption-attachment-85985\" class=\"size-medium wp-image-85985\" alt=\"Foto da Festa no ano de 2014 (foto: Divulga\u00e7\u00e3o)\" src=\"http:\/\/senoticias.com.br\/se\/wp-content\/uploads\/2015\/11\/grande-FestadeCruz-Bela2014-f-divulgacao-300x199.jpg\" width=\"300\" height=\"199\" srcset=\"https:\/\/senoticias.com.br\/se\/wp-content\/uploads\/2015\/11\/grande-FestadeCruz-Bela2014-f-divulgacao-300x199.jpg 300w, https:\/\/senoticias.com.br\/se\/wp-content\/uploads\/2015\/11\/grande-FestadeCruz-Bela2014-f-divulgacao-342x227.jpg 342w, https:\/\/senoticias.com.br\/se\/wp-content\/uploads\/2015\/11\/grande-FestadeCruz-Bela2014-f-divulgacao.jpg 1000w\" sizes=\"(max-width: 300px) 100vw, 300px\" \/><\/a><p id=\"caption-attachment-85985\" class=\"wp-caption-text\">Foto da Festa no ano de 2014 (foto: Divulga\u00e7\u00e3o)<\/p><\/div>\n<p style=\"text-align: justify;\">A Prefeitura de Maruim, atrav\u00e9s da Secretaria Municipal de Cultura e Turismo, divulga a programa\u00e7\u00e3o da Festa de Cruz de Bela, que ocorre nos dias 27, 28 e 29 de novembro de 2015. O tradicional evento celebra a mem\u00f3ria da menina Bela, que foi v\u00edtima de uma bala perdida, disparada acidentalmente por um soldado na Rua do A\u00e7ougue, hoje, Rua Jos\u00e9 Quintiliano da Fonseca.<\/p>\n<p style=\"text-align: justify;\">Segundo a historiadora e professora, L\u00facia Marques, no Invent\u00e1rio Cultural de Maruim, o assassinato ocorreu h\u00e1 mais de cem anos. Comovidas pela forma como a menina morreu, as pessoas atribu\u00edam as curas obtidas \u00e0 menina Bela. Como forma de gratid\u00e3o, os fi\u00e9is apresentavam ex-votos, que eram expostos na pequena capela.<\/p>\n<p style=\"text-align: justify;\">Al\u00e9m das apresenta\u00e7\u00f5es musicais, o espa\u00e7o da festa disp\u00f5e de parque de divers\u00e3o, comidas t\u00edpicas, atividades esportivas, culturais e religiosas.<\/p>\n<p style=\"text-align: justify;\"><strong>PROGRAMA\u00c7\u00c3O<\/strong><\/p>\n<p style=\"text-align: justify;\">Sexta-feira, 27 de novembro<\/p>\n<p style=\"text-align: justify;\">19h30 \u2013 Missa, na Capela de Cruz de Bela<br \/>\n20h30 &#8211; Final da Copa Cruz de Bela de Futsal, no Gin\u00e1sio de Esportes do Sesi<\/p>\n<p style=\"text-align: justify;\">S\u00e1bado, 28 de novembro<\/p>\n<p style=\"text-align: justify;\">22h \u2013 Nethynha Bardo<br \/>\n00h \u2013 Igor Kann\u00e1rio<br \/>\n02h \u2013 Banda Fogo na Saia<\/p>\n<p style=\"text-align: justify;\">Domingo, 29 de novembro<\/p>\n<p style=\"text-align: justify;\">14h \u2013 Swing 3D<br \/>\n16h \u2013 Postura \u00cdntima<br \/>\n18h \u2013 Cid Natureza<br \/>\n20h \u2013 Banda Alma G\u00eamea<br \/>\n22h \u2013 M\u00e1rcia Fellipe e Forr\u00f3 da Curti\u00e7\u00e3o<br \/>\n00h &#8211; Leketch\u00ea<\/p>\n<p style=\"text-align: justify;\"><em>Fonte : Ascom Prefeitura<\/em><\/p>\n<p style=\"text-align: justify;\"><strong>Acompanhe o SE Not\u00edcias no <a href=\"https:\/\/twitter.com\/Senoticias\" target=\"_blank\">Twitter <\/a>e no <a href=\"https:\/\/www.facebook.com\/PortalSENoticias\/\" target=\"_blank\">Facebook<\/a><\/strong><\/p>\n","protected":false},"excerpt":{"rendered":"<p>A Prefeitura de Maruim, atrav\u00e9s da Secretaria Municipal de Cultura e Turismo, divulga a programa\u00e7\u00e3o da Festa de Cruz de Bela, que ocorre nos dias 27, 28 e 29 de novembro de 2015. O tradicional evento celebra a mem\u00f3ria da menina Bela, que foi v\u00edtima de uma bala perdida, disparada acidentalmente por um soldado na [&hellip;]<\/p>\n","protected":false},"author":2,"featured_media":85985,"comment_status":"closed","ping_status":"closed","sticky":false,"template":"","format":"standard","meta":{"footnotes":""},"categories":[38],"tags":[],"class_list":{"0":"post-85984","1":"post","2":"type-post","3":"status-publish","4":"format-standard","5":"has-post-thumbnail","7":"category-municipios"},"_links":{"self":[{"href":"https:\/\/senoticias.com.br\/se\/wp-json\/wp\/v2\/posts\/85984"}],"collection":[{"href":"https:\/\/senoticias.com.br\/se\/wp-json\/wp\/v2\/posts"}],"about":[{"href":"https:\/\/senoticias.com.br\/se\/wp-json\/wp\/v2\/types\/post"}],"author":[{"embeddable":true,"href":"https:\/\/senoticias.com.br\/se\/wp-json\/wp\/v2\/users\/2"}],"replies":[{"embeddable":true,"href":"https:\/\/senoticias.com.br\/se\/wp-json\/wp\/v2\/comments?post=85984"}],"version-history":[{"count":0,"href":"https:\/\/senoticias.com.br\/se\/wp-json\/wp\/v2\/posts\/85984\/revisions"}],"wp:featuredmedia":[{"embeddable":true,"href":"https:\/\/senoticias.com.br\/se\/wp-json\/wp\/v2\/media\/85985"}],"wp:attachment":[{"href":"https:\/\/senoticias.com.br\/se\/wp-json\/wp\/v2\/media?parent=85984"}],"wp:term":[{"taxonomy":"category","embeddable":true,"href":"https:\/\/senoticias.com.br\/se\/wp-json\/wp\/v2\/categories?post=85984"},{"taxonomy":"post_tag","embeddable":true,"href":"https:\/\/senoticias.com.br\/se\/wp-json\/wp\/v2\/tags?post=85984"}],"curies":[{"name":"wp","href":"https:\/\/api.w.org\/{rel}","templated":true}]}}