{"id":85981,"date":"2015-11-12T20:17:43","date_gmt":"2015-11-12T23:17:43","guid":{"rendered":"http:\/\/senoticias.com.br\/se\/?p=85981"},"modified":"2015-11-12T20:18:40","modified_gmt":"2015-11-12T23:18:40","slug":"policia-rodoviaria-federal-inicia-programa-rodovida-cidades-nesta-quinta-e-sexta","status":"publish","type":"post","link":"https:\/\/senoticias.com.br\/se\/policia-rodoviaria-federal-inicia-programa-rodovida-cidades-nesta-quinta-e-sexta\/","title":{"rendered":"Pol\u00edcia Rodovi\u00e1ria Federal inicia opera\u00e7\u00e3o &#8221;Rodovida Cidades&#8221; em Sergipe"},"content":{"rendered":"<div id=\"attachment_85982\" style=\"width: 310px\" class=\"wp-caption alignright\"><a href=\"http:\/\/senoticias.com.br\/se\/wp-content\/uploads\/2015\/11\/internal_notice_421d778054e6f708.jpg\"><img loading=\"lazy\" decoding=\"async\" aria-describedby=\"caption-attachment-85982\" class=\"size-medium wp-image-85982\" alt=\"Foto: Jornal Regional\" src=\"http:\/\/senoticias.com.br\/se\/wp-content\/uploads\/2015\/11\/internal_notice_421d778054e6f708-300x225.jpg\" width=\"300\" height=\"225\" srcset=\"https:\/\/senoticias.com.br\/se\/wp-content\/uploads\/2015\/11\/internal_notice_421d778054e6f708-300x225.jpg 300w, https:\/\/senoticias.com.br\/se\/wp-content\/uploads\/2015\/11\/internal_notice_421d778054e6f708-342x256.jpg 342w, https:\/\/senoticias.com.br\/se\/wp-content\/uploads\/2015\/11\/internal_notice_421d778054e6f708-60x45.jpg 60w, https:\/\/senoticias.com.br\/se\/wp-content\/uploads\/2015\/11\/internal_notice_421d778054e6f708-150x113.jpg 150w, https:\/\/senoticias.com.br\/se\/wp-content\/uploads\/2015\/11\/internal_notice_421d778054e6f708-269x201.jpg 269w, https:\/\/senoticias.com.br\/se\/wp-content\/uploads\/2015\/11\/internal_notice_421d778054e6f708.jpg 560w\" sizes=\"(max-width: 300px) 100vw, 300px\" \/><\/a><p id=\"caption-attachment-85982\" class=\"wp-caption-text\">Foto: Jornal Regional<\/p><\/div>\n<p style=\"text-align: justify;\">A Pol\u00edcia Rodovi\u00e1ria Federal inicia o programa \u201cRodovida Cidades\u201d, que se realizar\u00e1 entre os dias 12 e 15 de novembro nas sedes dos munic\u00edpios de Aracaju, Itabaiana, Lagarto, Nossa Senhora da Gl\u00f3ria, Nossa Senhora do Socorro e Umba\u00faba.<\/p>\n<p style=\"text-align: justify;\">Durante as a\u00e7\u00f5es, ser\u00e3o desenvolvidas atividades de fiscaliza\u00e7\u00e3o e educativas, cujo foco principal \u00e9 a seguran\u00e7a no tr\u00e2nsito.<\/p>\n<p style=\"text-align: justify;\">Dados estat\u00edsticos revelam que o excesso de velocidade, a embriaguez ao volante e a n\u00e3o utiliza\u00e7\u00e3o do capacete pelo motociclista e\/ou passageiro, s\u00e3o as principais causas de acidentes com \u00f3bitos nos munic\u00edpios.<\/p>\n<p style=\"text-align: justify;\">Essa etapa da opera\u00e7\u00e3o \u2018Rodovida Cidades\u2019 coincide com o 3\u00ba domingo de novembro, escolhido pela Organiza\u00e7\u00e3o das Na\u00e7\u00f5es Unidas (ONU) como o dia mundial em mem\u00f3ria \u00e0s v\u00edtimas de acidentes de tr\u00e2nsito.<\/p>\n<p style=\"text-align: justify;\">Parceiros de \u00f3rg\u00e3os estaduais e municipais das \u00e1reas de tr\u00e2nsito, sa\u00fade e educa\u00e7\u00e3o tamb\u00e9m participar\u00e3o das atividades.<\/p>\n<p style=\"text-align: justify;\"><em>Fonte: Portal AJN1<\/em><\/p>\n<p style=\"text-align: justify;\"><strong>Acompanhe o SE Not\u00edcias no <a href=\"https:\/\/twitter.com\/Senoticias\" target=\"_blank\">Twitter <\/a>e no <a href=\"https:\/\/www.facebook.com\/PortalSENoticias\/\" target=\"_blank\">Facebook<\/a><\/strong><\/p>\n","protected":false},"excerpt":{"rendered":"<p>A Pol\u00edcia Rodovi\u00e1ria Federal inicia o programa \u201cRodovida Cidades\u201d, que se realizar\u00e1 entre os dias 12 e 15 de novembro nas sedes dos munic\u00edpios de Aracaju, Itabaiana, Lagarto, Nossa Senhora da Gl\u00f3ria, Nossa Senhora do Socorro e Umba\u00faba. Durante as a\u00e7\u00f5es, ser\u00e3o desenvolvidas atividades de fiscaliza\u00e7\u00e3o e educativas, cujo foco principal \u00e9 a seguran\u00e7a no [&hellip;]<\/p>\n","protected":false},"author":1,"featured_media":85982,"comment_status":"closed","ping_status":"closed","sticky":false,"template":"","format":"standard","meta":{"footnotes":""},"categories":[7],"tags":[],"class_list":{"0":"post-85981","1":"post","2":"type-post","3":"status-publish","4":"format-standard","5":"has-post-thumbnail","7":"category-policia"},"_links":{"self":[{"href":"https:\/\/senoticias.com.br\/se\/wp-json\/wp\/v2\/posts\/85981"}],"collection":[{"href":"https:\/\/senoticias.com.br\/se\/wp-json\/wp\/v2\/posts"}],"about":[{"href":"https:\/\/senoticias.com.br\/se\/wp-json\/wp\/v2\/types\/post"}],"author":[{"embeddable":true,"href":"https:\/\/senoticias.com.br\/se\/wp-json\/wp\/v2\/users\/1"}],"replies":[{"embeddable":true,"href":"https:\/\/senoticias.com.br\/se\/wp-json\/wp\/v2\/comments?post=85981"}],"version-history":[{"count":0,"href":"https:\/\/senoticias.com.br\/se\/wp-json\/wp\/v2\/posts\/85981\/revisions"}],"wp:featuredmedia":[{"embeddable":true,"href":"https:\/\/senoticias.com.br\/se\/wp-json\/wp\/v2\/media\/85982"}],"wp:attachment":[{"href":"https:\/\/senoticias.com.br\/se\/wp-json\/wp\/v2\/media?parent=85981"}],"wp:term":[{"taxonomy":"category","embeddable":true,"href":"https:\/\/senoticias.com.br\/se\/wp-json\/wp\/v2\/categories?post=85981"},{"taxonomy":"post_tag","embeddable":true,"href":"https:\/\/senoticias.com.br\/se\/wp-json\/wp\/v2\/tags?post=85981"}],"curies":[{"name":"wp","href":"https:\/\/api.w.org\/{rel}","templated":true}]}}