{"id":85978,"date":"2015-11-12T20:12:21","date_gmt":"2015-11-12T23:12:21","guid":{"rendered":"http:\/\/senoticias.com.br\/se\/?p=85978"},"modified":"2015-11-12T20:12:21","modified_gmt":"2015-11-12T23:12:21","slug":"jackson-barreto-reassume-o-governo-de-sergipe-nesta-segunda-feira-16","status":"publish","type":"post","link":"https:\/\/senoticias.com.br\/se\/jackson-barreto-reassume-o-governo-de-sergipe-nesta-segunda-feira-16\/","title":{"rendered":"Jackson Barreto reassume o governo de Sergipe nesta segunda-feira, 16"},"content":{"rendered":"<div id=\"attachment_85979\" style=\"width: 310px\" class=\"wp-caption alignright\"><a href=\"http:\/\/senoticias.com.br\/se\/wp-content\/uploads\/2015\/11\/20140607073755_5392eb839dcc7.png\"><img loading=\"lazy\" decoding=\"async\" aria-describedby=\"caption-attachment-85979\" class=\"size-medium wp-image-85979\" alt=\"Foto: Reprodu\u00e7\u00e3o \/ Portal A8 \" src=\"http:\/\/senoticias.com.br\/se\/wp-content\/uploads\/2015\/11\/20140607073755_5392eb839dcc7-300x213.png\" width=\"300\" height=\"213\" srcset=\"https:\/\/senoticias.com.br\/se\/wp-content\/uploads\/2015\/11\/20140607073755_5392eb839dcc7-300x213.png 300w, https:\/\/senoticias.com.br\/se\/wp-content\/uploads\/2015\/11\/20140607073755_5392eb839dcc7-342x243.png 342w, https:\/\/senoticias.com.br\/se\/wp-content\/uploads\/2015\/11\/20140607073755_5392eb839dcc7-90x65.png 90w, https:\/\/senoticias.com.br\/se\/wp-content\/uploads\/2015\/11\/20140607073755_5392eb839dcc7.png 616w\" sizes=\"(max-width: 300px) 100vw, 300px\" \/><\/a><p id=\"caption-attachment-85979\" class=\"wp-caption-text\">Foto: Reprodu\u00e7\u00e3o \/ Portal A8<\/p><\/div>\n<p style=\"text-align: justify;\">Depois de afastar do governo do Estado por tr\u00eas meses, o governador Jackson Barreto reassume a pasta nesta segunda-feira (16).<\/p>\n<p style=\"text-align: justify;\">De acordo com informa\u00e7\u00f5es da Secret\u00e1rio de Comunica\u00e7\u00e3o do Governo do Estado, Salles Neto, a solenidade est\u00e1 prevista para as 8 horas, no Pal\u00e1cio de Veraneio, em Aracaju.<\/p>\n<p style=\"text-align: justify;\">Jackson se ausentou no \u00faltimo dia 14 de agosto para um tratamento de sa\u00fade. Durante este tempo, que assumiu o no cargo \u00e9 o vice-governador Belivaldo Chagas.<\/p>\n<p style=\"text-align: justify;\"><em>Fonte: Portal A8<\/em><\/p>\n<p style=\"text-align: justify;\"><strong>Acompanhe o SE Not\u00edcias no <a href=\"https:\/\/twitter.com\/Senoticias\" target=\"_blank\">Twitter <\/a>e no <a href=\"https:\/\/www.facebook.com\/PortalSENoticias\/\" target=\"_blank\">Facebook<\/a><\/strong><\/p>\n","protected":false},"excerpt":{"rendered":"<p>Depois de afastar do governo do Estado por tr\u00eas meses, o governador Jackson Barreto reassume a pasta nesta segunda-feira (16). De acordo com informa\u00e7\u00f5es da Secret\u00e1rio de Comunica\u00e7\u00e3o do Governo do Estado, Salles Neto, a solenidade est\u00e1 prevista para as 8 horas, no Pal\u00e1cio de Veraneio, em Aracaju. Jackson se ausentou no \u00faltimo dia 14 [&hellip;]<\/p>\n","protected":false},"author":1,"featured_media":85979,"comment_status":"closed","ping_status":"closed","sticky":false,"template":"","format":"standard","meta":{"footnotes":""},"categories":[6],"tags":[],"class_list":{"0":"post-85978","1":"post","2":"type-post","3":"status-publish","4":"format-standard","5":"has-post-thumbnail","7":"category-politica"},"_links":{"self":[{"href":"https:\/\/senoticias.com.br\/se\/wp-json\/wp\/v2\/posts\/85978"}],"collection":[{"href":"https:\/\/senoticias.com.br\/se\/wp-json\/wp\/v2\/posts"}],"about":[{"href":"https:\/\/senoticias.com.br\/se\/wp-json\/wp\/v2\/types\/post"}],"author":[{"embeddable":true,"href":"https:\/\/senoticias.com.br\/se\/wp-json\/wp\/v2\/users\/1"}],"replies":[{"embeddable":true,"href":"https:\/\/senoticias.com.br\/se\/wp-json\/wp\/v2\/comments?post=85978"}],"version-history":[{"count":0,"href":"https:\/\/senoticias.com.br\/se\/wp-json\/wp\/v2\/posts\/85978\/revisions"}],"wp:featuredmedia":[{"embeddable":true,"href":"https:\/\/senoticias.com.br\/se\/wp-json\/wp\/v2\/media\/85979"}],"wp:attachment":[{"href":"https:\/\/senoticias.com.br\/se\/wp-json\/wp\/v2\/media?parent=85978"}],"wp:term":[{"taxonomy":"category","embeddable":true,"href":"https:\/\/senoticias.com.br\/se\/wp-json\/wp\/v2\/categories?post=85978"},{"taxonomy":"post_tag","embeddable":true,"href":"https:\/\/senoticias.com.br\/se\/wp-json\/wp\/v2\/tags?post=85978"}],"curies":[{"name":"wp","href":"https:\/\/api.w.org\/{rel}","templated":true}]}}