{"id":85934,"date":"2015-11-12T05:29:09","date_gmt":"2015-11-12T08:29:09","guid":{"rendered":"http:\/\/senoticias.com.br\/se\/?p=85934"},"modified":"2015-11-13T11:56:07","modified_gmt":"2015-11-13T14:56:07","slug":"morre-lu-spinelli","status":"publish","type":"post","link":"https:\/\/senoticias.com.br\/se\/morre-lu-spinelli\/","title":{"rendered":"Morre Lu Spinelli"},"content":{"rendered":"<p style=\"text-align: justify;\">\u00c9 com imenso pesar que a Prefeitura de Aracaju, em nome do prefeito Jo\u00e3o Alves Filho, da Presidente da Funda\u00e7\u00e3o Cultural Cidade de Aracaju, Agla\u00e9 D\u2019\u00c0vila Fontes e da Secret\u00e1ria em exerc\u00edcio da Fam\u00edlia e Assist\u00eancia Social, Selma Mesquita lamentam o falecimento da amiga, professora e core\u00f3grafa, L\u00fa Spinelli, que por cerca de 60 anos dedicou sua vida \u00e0 dan\u00e7a em Aracaju.<\/p>\n<div id=\"attachment_85936\" style=\"width: 608px\" class=\"wp-caption aligncenter\"><a href=\"http:\/\/senoticias.com.br\/se\/wp-content\/uploads\/2015\/11\/grande-lu-danca-56anos04122014-e1447320176459.jpg\"><img loading=\"lazy\" decoding=\"async\" aria-describedby=\"caption-attachment-85936\" class=\"size-full wp-image-85936\" alt=\" L\u00fa Spinelli chegou ao estado de Sergipe no ano de 1971 . (Foto: arquivo\/Portal Infonet)\" src=\"http:\/\/senoticias.com.br\/se\/wp-content\/uploads\/2015\/11\/grande-lu-danca-56anos04122014-e1447320176459.jpg\" width=\"598\" height=\"397\" \/><\/a><p id=\"caption-attachment-85936\" class=\"wp-caption-text\">L\u00fa Spinelli chegou ao estado de Sergipe no ano de 1971 . (Foto: arquivo\/Portal Infonet)<\/p><\/div>\n<p style=\"text-align: justify;\">L\u00fa Spinelli, que chegou em Sergipe em 1971, nos agraciou com seu modo inovador na arte de interpretar a dan\u00e7a moderna e contempor\u00e2nea. Tia L\u00fa, como era carinhosamente chamada pelos alunos foi a respons\u00e1vel pela forma\u00e7\u00e3o de dezenas de mestres exportando talentos para diversos estados brasileiros e inclusive locais fora do pa\u00eds.<\/p>\n<p>O corpo de Lu Spinelli est\u00e1 sendo velado no Teatro Tobias Barreto e ser\u00e1 sepultado \u00e0s 16h desta quinta-feira, 12, no Cemit\u00e9rio Santa Isabel.<\/p>\n<p><strong>Acompanhe o SE Not\u00edcias no\u00a0<a href=\"https:\/\/twitter.com\/Senoticias\" target=\"_blank\">Twitter\u00a0<\/a>e no\u00a0<a href=\"https:\/\/www.facebook.com\/PortalSENoticias\/\" target=\"_blank\">Facebook<\/a><\/strong><\/p>\n<p><em><strong>Com informa\u00e7\u00f5es da Prefeitura de Aracaju<\/strong><\/em><\/p>\n<p>&nbsp;<\/p>\n","protected":false},"excerpt":{"rendered":"<p>\u00c9 com imenso pesar que a Prefeitura de Aracaju, em nome do prefeito Jo\u00e3o Alves Filho, da Presidente da Funda\u00e7\u00e3o Cultural Cidade de Aracaju, Agla\u00e9 D\u2019\u00c0vila Fontes e da Secret\u00e1ria em exerc\u00edcio da Fam\u00edlia e Assist\u00eancia Social, Selma Mesquita lamentam o falecimento da amiga, professora e core\u00f3grafa, L\u00fa Spinelli, que por cerca de 60 anos [&hellip;]<\/p>\n","protected":false},"author":1,"featured_media":85936,"comment_status":"closed","ping_status":"closed","sticky":false,"template":"","format":"standard","meta":{"footnotes":""},"categories":[310,8],"tags":[],"class_list":{"0":"post-85934","1":"post","2":"type-post","3":"status-publish","4":"format-standard","5":"has-post-thumbnail","7":"category-destaques-da-semana","8":"category-esporte-e-cultura"},"_links":{"self":[{"href":"https:\/\/senoticias.com.br\/se\/wp-json\/wp\/v2\/posts\/85934"}],"collection":[{"href":"https:\/\/senoticias.com.br\/se\/wp-json\/wp\/v2\/posts"}],"about":[{"href":"https:\/\/senoticias.com.br\/se\/wp-json\/wp\/v2\/types\/post"}],"author":[{"embeddable":true,"href":"https:\/\/senoticias.com.br\/se\/wp-json\/wp\/v2\/users\/1"}],"replies":[{"embeddable":true,"href":"https:\/\/senoticias.com.br\/se\/wp-json\/wp\/v2\/comments?post=85934"}],"version-history":[{"count":0,"href":"https:\/\/senoticias.com.br\/se\/wp-json\/wp\/v2\/posts\/85934\/revisions"}],"wp:featuredmedia":[{"embeddable":true,"href":"https:\/\/senoticias.com.br\/se\/wp-json\/wp\/v2\/media\/85936"}],"wp:attachment":[{"href":"https:\/\/senoticias.com.br\/se\/wp-json\/wp\/v2\/media?parent=85934"}],"wp:term":[{"taxonomy":"category","embeddable":true,"href":"https:\/\/senoticias.com.br\/se\/wp-json\/wp\/v2\/categories?post=85934"},{"taxonomy":"post_tag","embeddable":true,"href":"https:\/\/senoticias.com.br\/se\/wp-json\/wp\/v2\/tags?post=85934"}],"curies":[{"name":"wp","href":"https:\/\/api.w.org\/{rel}","templated":true}]}}