{"id":85931,"date":"2015-11-11T20:39:05","date_gmt":"2015-11-11T23:39:05","guid":{"rendered":"http:\/\/senoticias.com.br\/se\/?p=85931"},"modified":"2015-11-12T22:43:14","modified_gmt":"2015-11-13T01:43:14","slug":"ex-presidiario-e-morto-dentro-de-sua-propria-casa-em-sao-cristovao","status":"publish","type":"post","link":"https:\/\/senoticias.com.br\/se\/ex-presidiario-e-morto-dentro-de-sua-propria-casa-em-sao-cristovao\/","title":{"rendered":"Ex-presidi\u00e1rio \u00e9 morto dentro de sua pr\u00f3pria casa, em S\u00e3o Crist\u00f3v\u00e3o"},"content":{"rendered":"<div id=\"attachment_85932\" style=\"width: 410px\" class=\"wp-caption alignright\"><a href=\"http:\/\/senoticias.com.br\/se\/wp-content\/uploads\/2015\/11\/pintos.jpg\"><img loading=\"lazy\" decoding=\"async\" aria-describedby=\"caption-attachment-85932\" class=\"size-full wp-image-85932\" alt=\"Fl\u00e1vio Santos de Souza foi morto enquanto dormia no sof\u00e1. (Foto: PM\/SE)\" src=\"http:\/\/senoticias.com.br\/se\/wp-content\/uploads\/2015\/11\/pintos.jpg\" width=\"400\" height=\"400\" srcset=\"https:\/\/senoticias.com.br\/se\/wp-content\/uploads\/2015\/11\/pintos.jpg 400w, https:\/\/senoticias.com.br\/se\/wp-content\/uploads\/2015\/11\/pintos-150x150.jpg 150w, https:\/\/senoticias.com.br\/se\/wp-content\/uploads\/2015\/11\/pintos-300x300.jpg 300w, https:\/\/senoticias.com.br\/se\/wp-content\/uploads\/2015\/11\/pintos-50x50.jpg 50w, https:\/\/senoticias.com.br\/se\/wp-content\/uploads\/2015\/11\/pintos-342x342.jpg 342w, https:\/\/senoticias.com.br\/se\/wp-content\/uploads\/2015\/11\/pintos-70x70.jpg 70w, https:\/\/senoticias.com.br\/se\/wp-content\/uploads\/2015\/11\/pintos-55x55.jpg 55w\" sizes=\"(max-width: 400px) 100vw, 400px\" \/><\/a><p id=\"caption-attachment-85932\" class=\"wp-caption-text\">Fl\u00e1vio Santos de Souza foi morto enquanto dormia no sof\u00e1. (Foto: PM\/SE)<\/p><\/div>\n<p style=\"text-align: justify;\">Um homem identificado como Fl\u00e1vio Santos de Souza, de 29 anos, foi morto a tiros enquanto dormia no sof\u00e1 de casa. O fato acontece nesta quarta-feira, 11, na avenida Lourival Batista, em S\u00e3o Crist\u00f3v\u00e3o.<\/p>\n<p style=\"text-align: justify;\">De acordo com informa\u00e7\u00f5es da Pol\u00edcia Militar, a v\u00edtima levou quatro tiros na cabe\u00e7a. O Servi\u00e7o de Atendimento M\u00f3vel de Urg\u00eancia (Samu) foi acionado e constatou o \u00f3bito.<\/p>\n<p style=\"text-align: justify;\">Os familiares informaram que Fl\u00e1vio era ex-presidi\u00e1rio e tinha sa\u00eddo do Complexo Penitenci\u00e1rio Manoel Carvalho Neto (Copemcan), localizado naquela mesma regi\u00e3o.<\/p>\n<p style=\"text-align: justify;\"><strong>Acompanhe o SE Not\u00edcias no\u00a0<a href=\"https:\/\/twitter.com\/Senoticias\" target=\"_blank\">Twitter\u00a0<\/a>e no\u00a0<a href=\"https:\/\/www.facebook.com\/PortalSENoticias\/\" target=\"_blank\">Facebook<\/a><\/strong><\/p>\n<p style=\"text-align: justify;\"><em>Portal Infonet com informa\u00e7\u00f5es da PM\/SE<\/em><\/p>\n","protected":false},"excerpt":{"rendered":"<p>Um homem identificado como Fl\u00e1vio Santos de Souza, de 29 anos, foi morto a tiros enquanto dormia no sof\u00e1 de casa. O fato acontece nesta quarta-feira, 11, na avenida Lourival Batista, em S\u00e3o Crist\u00f3v\u00e3o. De acordo com informa\u00e7\u00f5es da Pol\u00edcia Militar, a v\u00edtima levou quatro tiros na cabe\u00e7a. O Servi\u00e7o de Atendimento M\u00f3vel de Urg\u00eancia [&hellip;]<\/p>\n","protected":false},"author":1,"featured_media":85932,"comment_status":"closed","ping_status":"closed","sticky":false,"template":"","format":"standard","meta":{"footnotes":""},"categories":[7],"tags":[],"class_list":{"0":"post-85931","1":"post","2":"type-post","3":"status-publish","4":"format-standard","5":"has-post-thumbnail","7":"category-policia"},"_links":{"self":[{"href":"https:\/\/senoticias.com.br\/se\/wp-json\/wp\/v2\/posts\/85931"}],"collection":[{"href":"https:\/\/senoticias.com.br\/se\/wp-json\/wp\/v2\/posts"}],"about":[{"href":"https:\/\/senoticias.com.br\/se\/wp-json\/wp\/v2\/types\/post"}],"author":[{"embeddable":true,"href":"https:\/\/senoticias.com.br\/se\/wp-json\/wp\/v2\/users\/1"}],"replies":[{"embeddable":true,"href":"https:\/\/senoticias.com.br\/se\/wp-json\/wp\/v2\/comments?post=85931"}],"version-history":[{"count":0,"href":"https:\/\/senoticias.com.br\/se\/wp-json\/wp\/v2\/posts\/85931\/revisions"}],"wp:featuredmedia":[{"embeddable":true,"href":"https:\/\/senoticias.com.br\/se\/wp-json\/wp\/v2\/media\/85932"}],"wp:attachment":[{"href":"https:\/\/senoticias.com.br\/se\/wp-json\/wp\/v2\/media?parent=85931"}],"wp:term":[{"taxonomy":"category","embeddable":true,"href":"https:\/\/senoticias.com.br\/se\/wp-json\/wp\/v2\/categories?post=85931"},{"taxonomy":"post_tag","embeddable":true,"href":"https:\/\/senoticias.com.br\/se\/wp-json\/wp\/v2\/tags?post=85931"}],"curies":[{"name":"wp","href":"https:\/\/api.w.org\/{rel}","templated":true}]}}