{"id":85928,"date":"2015-11-11T20:10:36","date_gmt":"2015-11-11T23:10:36","guid":{"rendered":"http:\/\/senoticias.com.br\/se\/?p=85928"},"modified":"2015-11-11T20:14:10","modified_gmt":"2015-11-11T23:14:10","slug":"policia-recupera-em-aracaju-caminhonete-roubada-em-sao-cristovao","status":"publish","type":"post","link":"https:\/\/senoticias.com.br\/se\/policia-recupera-em-aracaju-caminhonete-roubada-em-sao-cristovao\/","title":{"rendered":"Pol\u00edcia recupera em Aracaju caminhonete roubada em S\u00e3o Crist\u00f3v\u00e3o"},"content":{"rendered":"<div style=\"text-align: justify;\">A Pol\u00edcia Militar de Sergipe recuperou, na tarde desta quinta-feira, 11, uma caminhonete Ranger, de placas IAC 9763, tomada de assalto na ter\u00e7a-feira, 10, no Bairro Col\u00f4nia dos Pintos, no munic\u00edpio de S\u00e3o Crist\u00f3v\u00e3o. O ve\u00edculo foi apreendido no Bairro Aruanda, zona sul de Aracaju, por policiais da 5\u00aa Companhia do 1\u00ba Batalh\u00e3o de Pol\u00edcia Comunit\u00e1ria \/CPTur.<\/div>\n<div style=\"text-align: justify;\">\n<div id=\"attachment_85930\" style=\"width: 608px\" class=\"wp-caption aligncenter\"><a href=\"http:\/\/senoticias.com.br\/se\/wp-content\/uploads\/2015\/11\/recuperado_cptur-1-e1447283588477.jpg\"><img loading=\"lazy\" decoding=\"async\" aria-describedby=\"caption-attachment-85930\" class=\"size-full wp-image-85930\" alt=\"O ve\u00edculo foi apreendido na zonz de expan\u00e3o em Aracaju.(Foto: PM\/SE)\" src=\"http:\/\/senoticias.com.br\/se\/wp-content\/uploads\/2015\/11\/recuperado_cptur-1-e1447283588477.jpg\" width=\"598\" height=\"398\" \/><\/a><p id=\"caption-attachment-85930\" class=\"wp-caption-text\">O ve\u00edculo foi apreendido na zonz de expan\u00e3o em Aracaju.(Foto: PM\/SE)<\/p><\/div>\n<\/div>\n<div style=\"text-align: justify;\"><\/div>\n<div style=\"text-align: justify;\">Os militares realizavam o patrulhamento de rotina, quando localizaram o ve\u00edculo na avenida Mel\u00edcio Machado, pr\u00f3ximo ao condom\u00ednio residencial Maria Rezende. Ao consultar a placa, constataram se tratar de produto de roubo, conforme boletim de ocorr\u00eancia registrado na 12\u00aa Delegacia Metropolitana. O bem fora levado da v\u00edtima mediante amea\u00e7a com arma de fogo, em uma ch\u00e1cara localizada na rua Dr. Lourival Batista, na Col\u00f4nia dos Pintos, em S\u00e3o Crist\u00f3v\u00e3o.<\/div>\n<div style=\"text-align: justify;\"><\/div>\n<div style=\"text-align: justify;\">O ve\u00edculo foi recolhido pela equipe da viatura Tubar\u00e3o 04 e o caso encaminhado \u00e0 Delegacia de Turismo para provid\u00eancias.<\/div>\n<div style=\"text-align: justify;\"><\/div>\n<div style=\"text-align: justify;\"><strong>Acompanhe o SE Not\u00edcias no\u00a0<a href=\"https:\/\/twitter.com\/Senoticias\" target=\"_blank\">Twitter\u00a0<\/a>e no\u00a0<a href=\"https:\/\/www.facebook.com\/PortalSENoticias\/\" target=\"_blank\">Facebook<\/a><\/strong><\/div>\n<div style=\"text-align: justify;\"><strong>por Ascom\/PM\/SE<\/strong><\/div>\n","protected":false},"excerpt":{"rendered":"<p>A Pol\u00edcia Militar de Sergipe recuperou, na tarde desta quinta-feira, 11, uma caminhonete Ranger, de placas IAC 9763, tomada de assalto na ter\u00e7a-feira, 10, no Bairro Col\u00f4nia dos Pintos, no munic\u00edpio de S\u00e3o Crist\u00f3v\u00e3o. O ve\u00edculo foi apreendido no Bairro Aruanda, zona sul de Aracaju, por policiais da 5\u00aa Companhia do 1\u00ba Batalh\u00e3o de Pol\u00edcia [&hellip;]<\/p>\n","protected":false},"author":1,"featured_media":85930,"comment_status":"closed","ping_status":"closed","sticky":false,"template":"","format":"standard","meta":{"footnotes":""},"categories":[7],"tags":[],"class_list":{"0":"post-85928","1":"post","2":"type-post","3":"status-publish","4":"format-standard","5":"has-post-thumbnail","7":"category-policia"},"_links":{"self":[{"href":"https:\/\/senoticias.com.br\/se\/wp-json\/wp\/v2\/posts\/85928"}],"collection":[{"href":"https:\/\/senoticias.com.br\/se\/wp-json\/wp\/v2\/posts"}],"about":[{"href":"https:\/\/senoticias.com.br\/se\/wp-json\/wp\/v2\/types\/post"}],"author":[{"embeddable":true,"href":"https:\/\/senoticias.com.br\/se\/wp-json\/wp\/v2\/users\/1"}],"replies":[{"embeddable":true,"href":"https:\/\/senoticias.com.br\/se\/wp-json\/wp\/v2\/comments?post=85928"}],"version-history":[{"count":0,"href":"https:\/\/senoticias.com.br\/se\/wp-json\/wp\/v2\/posts\/85928\/revisions"}],"wp:featuredmedia":[{"embeddable":true,"href":"https:\/\/senoticias.com.br\/se\/wp-json\/wp\/v2\/media\/85930"}],"wp:attachment":[{"href":"https:\/\/senoticias.com.br\/se\/wp-json\/wp\/v2\/media?parent=85928"}],"wp:term":[{"taxonomy":"category","embeddable":true,"href":"https:\/\/senoticias.com.br\/se\/wp-json\/wp\/v2\/categories?post=85928"},{"taxonomy":"post_tag","embeddable":true,"href":"https:\/\/senoticias.com.br\/se\/wp-json\/wp\/v2\/tags?post=85928"}],"curies":[{"name":"wp","href":"https:\/\/api.w.org\/{rel}","templated":true}]}}