{"id":85924,"date":"2015-11-11T19:50:27","date_gmt":"2015-11-11T22:50:27","guid":{"rendered":"http:\/\/senoticias.com.br\/se\/?p=85924"},"modified":"2015-11-11T19:51:16","modified_gmt":"2015-11-11T22:51:16","slug":"ricardo-franco-toma-posse-no-senado","status":"publish","type":"post","link":"https:\/\/senoticias.com.br\/se\/ricardo-franco-toma-posse-no-senado\/","title":{"rendered":"Ricardo Franco toma posse no Senado"},"content":{"rendered":"<p style=\"text-align: justify;\">Em solenidade bastante prestigiada, o empres\u00e1rio e suplente de senador, Ricardo Barreto Franco (DEM), assumiu, no final da tarde desta quarta-feira (11), a cadeira de senador da Rep\u00fablica. Ele substituir\u00e1 a titular do mandato, senadora Maria do Carmo Alves (DEM) que se licenciou para comandar a Secretaria da Fam\u00edlia e da Assist\u00eancia Social da Prefeitura de Aracaju, iniciativa aprovada por 55,8% dos aracajuanos, segundo pesquisa do Instituto Dataform, realizada no in\u00edcio deste m\u00eas.<\/p>\n<div id=\"attachment_85926\" style=\"width: 608px\" class=\"wp-caption aligncenter\"><a href=\"http:\/\/senoticias.com.br\/se\/wp-content\/uploads\/2015\/11\/maria-e-ricardo-e1447282068542.jpg\"><img loading=\"lazy\" decoding=\"async\" aria-describedby=\"caption-attachment-85926\" class=\"size-full wp-image-85926\" alt=\" Ricardo Franco (DEM-SE), assumiu a vaga da suplente da senadora Maria do Carmo (DEM-SE)\" src=\"http:\/\/senoticias.com.br\/se\/wp-content\/uploads\/2015\/11\/maria-e-ricardo-e1447282068542.jpg\" width=\"598\" height=\"337\" \/><\/a><p id=\"caption-attachment-85926\" class=\"wp-caption-text\">Ricardo Franco (DEM-SE), assumiu a vaga da suplente da senadora Maria do Carmo (DEM-SE). (Foto: Sidney Lins Jr. (Ag\u00eancia Senado)<\/p><\/div>\n<p style=\"text-align: justify;\">\u201cO nosso trabalho continua, uma vez que a atividade do senador n\u00e3o se resume ao Parlamento. Sempre atuei extra Parlamento, ouvindo o povo, atendendo as demandas oriundas de todos os segmentos, em especial das camadas mais carentes\u201d, disse a senadora ao d\u00e1 as boas-vindas ao novo senador sergipano. A sua posse na Secretaria ocorrer\u00e1 nesta sexta-feira.<\/p>\n<p style=\"text-align: justify;\">Na hora de fazer o juramento, Ricardo foi conduzido \u00e0 mesa pelos senadores sergipanos Eduardo Amorim (PSC) e Ant\u00f4nio Carlos Valadares (PSB), al\u00e9m do presidente nacional do DEM, Jos\u00e9 Agripino.<\/p>\n<p style=\"text-align: justify;\">Filho do ex-governador e ex-senador Albano Franco, Ricardo foi bastante cumprimentado. Entre os presentes \u00e0 solenidade, ocorrida em Bras\u00edlia, estavam o prefeito de Aracaju, Jo\u00e3o Alves Filho; o vice-prefeito, Jos\u00e9 Carlos Machado, o presidente da C\u00e2mara Municipal, Vinicius Porto; al\u00e9m de deputados estaduais, prefeitos sergipanos, ex-deputados, familiares e amigos do empossado.<b><i><br \/>\n<\/i><\/b><\/p>\n<p style=\"text-align: justify;\"><strong>Acompanhe o SE Not\u00edcias no\u00a0<a href=\"https:\/\/twitter.com\/Senoticias\" target=\"_blank\">Twitter\u00a0<\/a>e no\u00a0<a href=\"https:\/\/www.facebook.com\/PortalSENoticias\/\" target=\"_blank\">Facebook<\/a><\/strong><\/p>\n<p style=\"text-align: justify;\"><em><strong>Ascom\/Senadora \u00a0Maria do Carmo<\/strong><\/em><\/p>\n","protected":false},"excerpt":{"rendered":"<p>Em solenidade bastante prestigiada, o empres\u00e1rio e suplente de senador, Ricardo Barreto Franco (DEM), assumiu, no final da tarde desta quarta-feira (11), a cadeira de senador da Rep\u00fablica. Ele substituir\u00e1 a titular do mandato, senadora Maria do Carmo Alves (DEM) que se licenciou para comandar a Secretaria da Fam\u00edlia e da Assist\u00eancia Social da Prefeitura [&hellip;]<\/p>\n","protected":false},"author":1,"featured_media":85926,"comment_status":"closed","ping_status":"closed","sticky":false,"template":"","format":"standard","meta":{"footnotes":""},"categories":[6],"tags":[],"class_list":{"0":"post-85924","1":"post","2":"type-post","3":"status-publish","4":"format-standard","5":"has-post-thumbnail","7":"category-politica"},"_links":{"self":[{"href":"https:\/\/senoticias.com.br\/se\/wp-json\/wp\/v2\/posts\/85924"}],"collection":[{"href":"https:\/\/senoticias.com.br\/se\/wp-json\/wp\/v2\/posts"}],"about":[{"href":"https:\/\/senoticias.com.br\/se\/wp-json\/wp\/v2\/types\/post"}],"author":[{"embeddable":true,"href":"https:\/\/senoticias.com.br\/se\/wp-json\/wp\/v2\/users\/1"}],"replies":[{"embeddable":true,"href":"https:\/\/senoticias.com.br\/se\/wp-json\/wp\/v2\/comments?post=85924"}],"version-history":[{"count":0,"href":"https:\/\/senoticias.com.br\/se\/wp-json\/wp\/v2\/posts\/85924\/revisions"}],"wp:featuredmedia":[{"embeddable":true,"href":"https:\/\/senoticias.com.br\/se\/wp-json\/wp\/v2\/media\/85926"}],"wp:attachment":[{"href":"https:\/\/senoticias.com.br\/se\/wp-json\/wp\/v2\/media?parent=85924"}],"wp:term":[{"taxonomy":"category","embeddable":true,"href":"https:\/\/senoticias.com.br\/se\/wp-json\/wp\/v2\/categories?post=85924"},{"taxonomy":"post_tag","embeddable":true,"href":"https:\/\/senoticias.com.br\/se\/wp-json\/wp\/v2\/tags?post=85924"}],"curies":[{"name":"wp","href":"https:\/\/api.w.org\/{rel}","templated":true}]}}