{"id":85824,"date":"2015-11-10T14:54:17","date_gmt":"2015-11-10T17:54:17","guid":{"rendered":"http:\/\/senoticias.com.br\/se\/?p=85824"},"modified":"2015-11-10T18:53:55","modified_gmt":"2015-11-10T21:53:55","slug":"criminosos-tentam-roubar-dois-taxistas-mas-acabam-presos-em-flagrante","status":"publish","type":"post","link":"https:\/\/senoticias.com.br\/se\/criminosos-tentam-roubar-dois-taxistas-mas-acabam-presos-em-flagrante\/","title":{"rendered":"Criminosos tentam roubar dois taxistas, mas acabam presos em flagrante"},"content":{"rendered":"<div id=\"attachment_85827\" style=\"width: 270px\" class=\"wp-caption alignright\"><a href=\"http:\/\/senoticias.com.br\/se\/wp-content\/uploads\/2015\/11\/Motociclista-morre-na-Joao-Bebe-Agia-4-260x1951.jpg\"><img loading=\"lazy\" decoding=\"async\" aria-describedby=\"caption-attachment-85827\" class=\"size-full wp-image-85827\" alt=\"Em ambos casos os acusados foram presos. (Foto: arquivo\/PM\/SE)\" src=\"http:\/\/senoticias.com.br\/se\/wp-content\/uploads\/2015\/11\/Motociclista-morre-na-Joao-Bebe-Agia-4-260x1951.jpg\" width=\"260\" height=\"195\" srcset=\"https:\/\/senoticias.com.br\/se\/wp-content\/uploads\/2015\/11\/Motociclista-morre-na-Joao-Bebe-Agia-4-260x1951.jpg 260w, https:\/\/senoticias.com.br\/se\/wp-content\/uploads\/2015\/11\/Motociclista-morre-na-Joao-Bebe-Agia-4-260x1951-60x45.jpg 60w, https:\/\/senoticias.com.br\/se\/wp-content\/uploads\/2015\/11\/Motociclista-morre-na-Joao-Bebe-Agia-4-260x1951-150x113.jpg 150w\" sizes=\"(max-width: 260px) 100vw, 260px\" \/><\/a><p id=\"caption-attachment-85827\" class=\"wp-caption-text\">Em ambos casos os acusados foram presos. (Foto: arquivo\/PM\/SE)<\/p><\/div>\n<p style=\"text-align: justify;\"><em><strong>Reda\u00e7\u00e3o da AJN1<\/strong><\/em><\/p>\n<p style=\"text-align: justify;\">Um taxista foi v\u00edtima de assalto praticado por dois casais na noite de ontem pr\u00f3ximo ao terminal rodovi\u00e1rio\u00a0Governador Jos\u00e9 Rollemberg Leite. De acordo com o taxista, os suspeitos teriam solicitado\u00a0viagem na avenida Jo\u00e3o Bebe \u00c1gua, no Bairro Rosa Elze, em dire\u00e7\u00e3o ao &#8216;Jardins&#8217;. Enquanto se deslocava at\u00e9 o bairro Jardins, na zona Sul da capital, um dos passageiros alertou o motorista alegando que o destino n\u00e3o seria o referido bairro, mas sim o &#8216;Conjunto Jardim&#8217;, em Nossa Senhora do Socorro.<\/p>\n<p style=\"text-align: justify;\">Ao refazer o trajeto, o taxista seguiu pela avenida Tancredo Neves e nas proximidades do viaduto &#8211; pr\u00f3xima ao terminal rodovi\u00e1rio, um dos passageiros pediu para que ele encostasse o carro. Neste momento o taxista recebeu um golpe conhecido como\u00a0&#8216;gravata&#8217; de um dos ocupantes, que estava sentado no banco de tr\u00e1s do ve\u00edculo, e uma das mulheres que viajava no banco da frente anunciou o assalto.<\/p>\n<p style=\"text-align: justify;\">Na a\u00e7\u00e3o o quarteto subtraiu R$ 140 da renda do motorista e seu telefone celular,\u00a0empreendendo\u00a0fuga logo em seguida. Alguns minutos ap\u00f3s o ocorrido, um outro taxista informou a v\u00edtima que um dos autores do assalto teria sido pego no bairro Jos\u00e9 Conrado de Ara\u00fajo e espancado por populares ao tentar realizar outro assalto na regi\u00e3o.<\/p>\n<p style=\"text-align: justify;\">Ao chegar no local, o taxista reconheceu o delinquente. A Pol\u00edcia Militar foi acionada e teve que intervir para que o suspeito n\u00e3o fosse agredido ainda mais pelos populares,\u00a0o encaminhando ao\u00a0HGJAF para tratar dos ferimentos.<\/p>\n<p style=\"text-align: justify;\"><strong>Segundo assalto<\/strong><\/p>\n<p style=\"text-align: justify;\">Outro taxista tamb\u00e9m foi v\u00edtima de assalto na noite de ontem. O que chama a aten\u00e7\u00e3o neste dois casos, \u00e9 a semelhan\u00e7a na abordagem \u00e0s v\u00edtimas. Em ambos, os bandidos agiram na rodovia Jo\u00e3o Bebe \u00c1gua, no Bairro Rosa Elze. Desta vez, dois homens acenaram para o taxista que, logo ap\u00f3s entrarem no ve\u00edculo, agrediram o trabalhador e anunciaram o assalto.<\/p>\n<p style=\"text-align: justify;\">Assustado, o taxista perdeu o controle do carro e acabou adentrando em um condom\u00ednio Vila Vit\u00f3ria pr\u00f3ximo \u00e0 Empresa Progresso, no Bairro Capucho. Os bandidos desceram do carro e tentaram fugir, mas foram surpreendidos por uma equipe do Batalh\u00e3o de Choque da PM que passava pelo local.<\/p>\n<p style=\"text-align: justify;\"><strong>Acompanhe o SE Not\u00edcias no\u00a0<a href=\"https:\/\/twitter.com\/Senoticias\" target=\"_blank\">Twitter\u00a0<\/a>e no\u00a0<a href=\"https:\/\/www.facebook.com\/PortalSENoticias\/\" target=\"_blank\">Facebook<\/a><\/strong><\/p>\n","protected":false},"excerpt":{"rendered":"<p>Reda\u00e7\u00e3o da AJN1 Um taxista foi v\u00edtima de assalto praticado por dois casais na noite de ontem pr\u00f3ximo ao terminal rodovi\u00e1rio\u00a0Governador Jos\u00e9 Rollemberg Leite. De acordo com o taxista, os suspeitos teriam solicitado\u00a0viagem na avenida Jo\u00e3o Bebe \u00c1gua, no Bairro Rosa Elze, em dire\u00e7\u00e3o ao &#8216;Jardins&#8217;. Enquanto se deslocava at\u00e9 o bairro Jardins, na zona [&hellip;]<\/p>\n","protected":false},"author":1,"featured_media":85827,"comment_status":"closed","ping_status":"closed","sticky":false,"template":"","format":"standard","meta":{"footnotes":""},"categories":[7,1],"tags":[],"class_list":{"0":"post-85824","1":"post","2":"type-post","3":"status-publish","4":"format-standard","5":"has-post-thumbnail","7":"category-policia","8":"category-sem-categoria"},"_links":{"self":[{"href":"https:\/\/senoticias.com.br\/se\/wp-json\/wp\/v2\/posts\/85824"}],"collection":[{"href":"https:\/\/senoticias.com.br\/se\/wp-json\/wp\/v2\/posts"}],"about":[{"href":"https:\/\/senoticias.com.br\/se\/wp-json\/wp\/v2\/types\/post"}],"author":[{"embeddable":true,"href":"https:\/\/senoticias.com.br\/se\/wp-json\/wp\/v2\/users\/1"}],"replies":[{"embeddable":true,"href":"https:\/\/senoticias.com.br\/se\/wp-json\/wp\/v2\/comments?post=85824"}],"version-history":[{"count":0,"href":"https:\/\/senoticias.com.br\/se\/wp-json\/wp\/v2\/posts\/85824\/revisions"}],"wp:featuredmedia":[{"embeddable":true,"href":"https:\/\/senoticias.com.br\/se\/wp-json\/wp\/v2\/media\/85827"}],"wp:attachment":[{"href":"https:\/\/senoticias.com.br\/se\/wp-json\/wp\/v2\/media?parent=85824"}],"wp:term":[{"taxonomy":"category","embeddable":true,"href":"https:\/\/senoticias.com.br\/se\/wp-json\/wp\/v2\/categories?post=85824"},{"taxonomy":"post_tag","embeddable":true,"href":"https:\/\/senoticias.com.br\/se\/wp-json\/wp\/v2\/tags?post=85824"}],"curies":[{"name":"wp","href":"https:\/\/api.w.org\/{rel}","templated":true}]}}