{"id":85821,"date":"2015-11-10T13:48:54","date_gmt":"2015-11-10T16:48:54","guid":{"rendered":"http:\/\/senoticias.com.br\/se\/?p=85821"},"modified":"2015-11-10T18:38:38","modified_gmt":"2015-11-10T21:38:38","slug":"papa-pede-combate-a-corrupcao-e-a-exploracao-no-trabalho","status":"publish","type":"post","link":"https:\/\/senoticias.com.br\/se\/papa-pede-combate-a-corrupcao-e-a-exploracao-no-trabalho\/","title":{"rendered":"Papa pede combate \u00e0 corrup\u00e7\u00e3o e \u00e0 explora\u00e7\u00e3o no trabalho"},"content":{"rendered":"<div id=\"attachment_85822\" style=\"width: 310px\" class=\"wp-caption alignright\"><a href=\"http:\/\/senoticias.com.br\/se\/wp-content\/uploads\/2015\/11\/ng5120195.jpg\"><img loading=\"lazy\" decoding=\"async\" aria-describedby=\"caption-attachment-85822\" class=\"size-medium wp-image-85822\" alt=\"Foto: Alessandro Bianchi \/ Reuters \" src=\"http:\/\/senoticias.com.br\/se\/wp-content\/uploads\/2015\/11\/ng5120195-300x203.jpg\" width=\"300\" height=\"203\" srcset=\"https:\/\/senoticias.com.br\/se\/wp-content\/uploads\/2015\/11\/ng5120195-300x203.jpg 300w, https:\/\/senoticias.com.br\/se\/wp-content\/uploads\/2015\/11\/ng5120195-342x232.jpg 342w, https:\/\/senoticias.com.br\/se\/wp-content\/uploads\/2015\/11\/ng5120195.jpg 580w\" sizes=\"(max-width: 300px) 100vw, 300px\" \/><\/a><p id=\"caption-attachment-85822\" class=\"wp-caption-text\">Foto: Alessandro Bianchi \/ Reuters<\/p><\/div>\n<p style=\"text-align: justify;\">O papa Francisco pediu o combate \u00e0 explora\u00e7\u00e3o no trabalho, \u00e0 corrup\u00e7\u00e3o e \u00e0 ilegalidade, em discurso aos cidad\u00e3os de Prato, localidade da Toscana, que visita hoje (10).<\/p>\n<p style=\"text-align: justify;\">&#8220;A sacralidade de cada ser humano requer para cada um respeito, acolhimento e trabalho digno. A vida de cada comunidade exige que se combata, at\u00e9 o final, o c\u00e2ncer da corrup\u00e7\u00e3o, da explora\u00e7\u00e3o humana e o veneno da ilegalidade&#8221;, disse em uma das varandas da catedral de Prato.<\/p>\n<p style=\"text-align: justify;\">O discurso de Francisco foi inspirado pelo acidente de dezembro de 2013, quando um inc\u00eandio em uma f\u00e1brica ilegal de Prato causou a morte de sete imigrantes chineses, que trabalhavam, viviam e dormiam no edif\u00edcio.<\/p>\n<p style=\"text-align: justify;\">&#8220;\u00c9 uma trag\u00e9dia da explora\u00e7\u00e3o e das condi\u00e7\u00f5es de vida desumanas. Isso n\u00e3o \u00e9 um trabalho digno&#8221;, destacou.<\/p>\n<p style=\"text-align: justify;\">Em Prato vivem 191 mil pessoas, 35 mil das quais imigrantes de 123 nacionalidades e a maior comunidade chinesa da It\u00e1lia.<\/p>\n<p style=\"text-align: justify;\">O papa saiu do Vaticano no in\u00edcio da manh\u00e3, de helic\u00f3ptero, e desceu no campo desportivo de Prato, seguindo para a Pra\u00e7a da catedral.<\/p>\n<p style=\"text-align: justify;\">Depois dessa etapa, Francisco vai a Floren\u00e7a, que sedia o 5\u00ba Congresso Nacional da Confer\u00eancia Episcopal Italiana. Ele almo\u00e7a com um grupo de pessoas carentes.<\/p>\n<p style=\"text-align: justify;\"><em>Fonte: Ag\u00eancia Brasil<\/em><\/p>\n<p style=\"text-align: justify;\"><strong>Acompanhe o SE Not\u00edcias no <a href=\"https:\/\/twitter.com\/Senoticias\" target=\"_blank\">Twitter <\/a>e no <a href=\"https:\/\/www.facebook.com\/PortalSENoticias\/\" target=\"_blank\">Facebook<\/a><\/strong><\/p>\n","protected":false},"excerpt":{"rendered":"<p>O papa Francisco pediu o combate \u00e0 explora\u00e7\u00e3o no trabalho, \u00e0 corrup\u00e7\u00e3o e \u00e0 ilegalidade, em discurso aos cidad\u00e3os de Prato, localidade da Toscana, que visita hoje (10). &#8220;A sacralidade de cada ser humano requer para cada um respeito, acolhimento e trabalho digno. A vida de cada comunidade exige que se combata, at\u00e9 o final, [&hellip;]<\/p>\n","protected":false},"author":1,"featured_media":85822,"comment_status":"closed","ping_status":"closed","sticky":false,"template":"","format":"standard","meta":{"footnotes":""},"categories":[310,46],"tags":[],"class_list":{"0":"post-85821","1":"post","2":"type-post","3":"status-publish","4":"format-standard","5":"has-post-thumbnail","7":"category-destaques-da-semana","8":"category-religiao"},"_links":{"self":[{"href":"https:\/\/senoticias.com.br\/se\/wp-json\/wp\/v2\/posts\/85821"}],"collection":[{"href":"https:\/\/senoticias.com.br\/se\/wp-json\/wp\/v2\/posts"}],"about":[{"href":"https:\/\/senoticias.com.br\/se\/wp-json\/wp\/v2\/types\/post"}],"author":[{"embeddable":true,"href":"https:\/\/senoticias.com.br\/se\/wp-json\/wp\/v2\/users\/1"}],"replies":[{"embeddable":true,"href":"https:\/\/senoticias.com.br\/se\/wp-json\/wp\/v2\/comments?post=85821"}],"version-history":[{"count":0,"href":"https:\/\/senoticias.com.br\/se\/wp-json\/wp\/v2\/posts\/85821\/revisions"}],"wp:featuredmedia":[{"embeddable":true,"href":"https:\/\/senoticias.com.br\/se\/wp-json\/wp\/v2\/media\/85822"}],"wp:attachment":[{"href":"https:\/\/senoticias.com.br\/se\/wp-json\/wp\/v2\/media?parent=85821"}],"wp:term":[{"taxonomy":"category","embeddable":true,"href":"https:\/\/senoticias.com.br\/se\/wp-json\/wp\/v2\/categories?post=85821"},{"taxonomy":"post_tag","embeddable":true,"href":"https:\/\/senoticias.com.br\/se\/wp-json\/wp\/v2\/tags?post=85821"}],"curies":[{"name":"wp","href":"https:\/\/api.w.org\/{rel}","templated":true}]}}