{"id":85818,"date":"2015-11-10T13:43:05","date_gmt":"2015-11-10T16:43:05","guid":{"rendered":"http:\/\/senoticias.com.br\/se\/?p=85818"},"modified":"2015-11-10T13:43:05","modified_gmt":"2015-11-10T16:43:05","slug":"lutador-de-boxe-de-porto-alegre-se-afoga-e-e-socorrido","status":"publish","type":"post","link":"https:\/\/senoticias.com.br\/se\/lutador-de-boxe-de-porto-alegre-se-afoga-e-e-socorrido\/","title":{"rendered":"Lutador de boxe de Porto Alegre se afoga e \u00e9 socorrido"},"content":{"rendered":"<div id=\"attachment_85819\" style=\"width: 310px\" class=\"wp-caption alignright\"><a href=\"http:\/\/senoticias.com.br\/se\/wp-content\/uploads\/2015\/11\/grande-lutador-afogamento10112015.jpg\"><img loading=\"lazy\" decoding=\"async\" aria-describedby=\"caption-attachment-85819\" class=\"size-medium wp-image-85819\" alt=\"Foto: Corpo de Bombeiros\" src=\"http:\/\/senoticias.com.br\/se\/wp-content\/uploads\/2015\/11\/grande-lutador-afogamento10112015-300x199.jpg\" width=\"300\" height=\"199\" srcset=\"https:\/\/senoticias.com.br\/se\/wp-content\/uploads\/2015\/11\/grande-lutador-afogamento10112015-300x199.jpg 300w, https:\/\/senoticias.com.br\/se\/wp-content\/uploads\/2015\/11\/grande-lutador-afogamento10112015-342x227.jpg 342w, https:\/\/senoticias.com.br\/se\/wp-content\/uploads\/2015\/11\/grande-lutador-afogamento10112015.jpg 1000w\" sizes=\"(max-width: 300px) 100vw, 300px\" \/><\/a><p id=\"caption-attachment-85819\" class=\"wp-caption-text\">Foto: Corpo de Bombeiros<\/p><\/div>\n<p style=\"text-align: justify;\">Na manh\u00e3 desta ter\u00e7a-feira, 10, por volta das 11h30, o Corpo de Bombeiros foi acionado e atendeu a uma ocorr\u00eancia de afogamento na Praia dos Artistas, localizada na Orla de Aracaju.<\/p>\n<p style=\"text-align: justify;\">De acordo com informa\u00e7\u00f5es do major Hector Monteiro, comandante do Grupamento Mar\u00edtimo do Corpo de Bombeiros, o atleta Thiago Cristiano Vergara Ferreira, de 20 anos, est\u00e1 na capital sergipana para participar de um campeonato de boxe.<\/p>\n<p style=\"text-align: justify;\">O atleta que \u00e9 morador de Porto Alegre no Rio Grande do Sul foi socorrido pelos sargentos D\u00f3rea, Sabino e Lima. Thiago Cristiano Vergara foi estabilizado e encaminhado para uma unidade hospitalar. Os casos de afogamento s\u00e3o comuns nessa \u00e1rea da Orla de Atalaia.<\/p>\n<p style=\"text-align: justify;\"><em>Com informa\u00e7\u00f5es do Portal Infonet<\/em><\/p>\n<p style=\"text-align: justify;\"><strong>Acompanhe o SE Not\u00edcias no <a href=\"https:\/\/twitter.com\/Senoticias\" target=\"_blank\">Twitter <\/a>e no <a href=\"https:\/\/www.facebook.com\/PortalSENoticias\/\" target=\"_blank\">Facebook<\/a><\/strong><\/p>\n","protected":false},"excerpt":{"rendered":"<p>Na manh\u00e3 desta ter\u00e7a-feira, 10, por volta das 11h30, o Corpo de Bombeiros foi acionado e atendeu a uma ocorr\u00eancia de afogamento na Praia dos Artistas, localizada na Orla de Aracaju. De acordo com informa\u00e7\u00f5es do major Hector Monteiro, comandante do Grupamento Mar\u00edtimo do Corpo de Bombeiros, o atleta Thiago Cristiano Vergara Ferreira, de 20 [&hellip;]<\/p>\n","protected":false},"author":1,"featured_media":85819,"comment_status":"closed","ping_status":"closed","sticky":false,"template":"","format":"standard","meta":{"footnotes":""},"categories":[38],"tags":[],"class_list":{"0":"post-85818","1":"post","2":"type-post","3":"status-publish","4":"format-standard","5":"has-post-thumbnail","7":"category-municipios"},"_links":{"self":[{"href":"https:\/\/senoticias.com.br\/se\/wp-json\/wp\/v2\/posts\/85818"}],"collection":[{"href":"https:\/\/senoticias.com.br\/se\/wp-json\/wp\/v2\/posts"}],"about":[{"href":"https:\/\/senoticias.com.br\/se\/wp-json\/wp\/v2\/types\/post"}],"author":[{"embeddable":true,"href":"https:\/\/senoticias.com.br\/se\/wp-json\/wp\/v2\/users\/1"}],"replies":[{"embeddable":true,"href":"https:\/\/senoticias.com.br\/se\/wp-json\/wp\/v2\/comments?post=85818"}],"version-history":[{"count":0,"href":"https:\/\/senoticias.com.br\/se\/wp-json\/wp\/v2\/posts\/85818\/revisions"}],"wp:featuredmedia":[{"embeddable":true,"href":"https:\/\/senoticias.com.br\/se\/wp-json\/wp\/v2\/media\/85819"}],"wp:attachment":[{"href":"https:\/\/senoticias.com.br\/se\/wp-json\/wp\/v2\/media?parent=85818"}],"wp:term":[{"taxonomy":"category","embeddable":true,"href":"https:\/\/senoticias.com.br\/se\/wp-json\/wp\/v2\/categories?post=85818"},{"taxonomy":"post_tag","embeddable":true,"href":"https:\/\/senoticias.com.br\/se\/wp-json\/wp\/v2\/tags?post=85818"}],"curies":[{"name":"wp","href":"https:\/\/api.w.org\/{rel}","templated":true}]}}