{"id":85815,"date":"2015-11-10T13:35:36","date_gmt":"2015-11-10T16:35:36","guid":{"rendered":"http:\/\/senoticias.com.br\/se\/?p=85815"},"modified":"2015-11-10T13:35:36","modified_gmt":"2015-11-10T16:35:36","slug":"smtt-inicia-a-instalacao-de-paineis-informativos","status":"publish","type":"post","link":"https:\/\/senoticias.com.br\/se\/smtt-inicia-a-instalacao-de-paineis-informativos\/","title":{"rendered":"SMTT inicia a instala\u00e7\u00e3o de pain\u00e9is informativos"},"content":{"rendered":"<div id=\"attachment_85816\" style=\"width: 310px\" class=\"wp-caption alignright\"><a href=\"http:\/\/senoticias.com.br\/se\/wp-content\/uploads\/2015\/11\/4246308954-paineis-smtt.jpg\"><img loading=\"lazy\" decoding=\"async\" aria-describedby=\"caption-attachment-85816\" class=\"size-medium wp-image-85816\" alt=\"Foto: Divulga\u00e7\u00e3o \" src=\"http:\/\/senoticias.com.br\/se\/wp-content\/uploads\/2015\/11\/4246308954-paineis-smtt-300x188.jpg\" width=\"300\" height=\"188\" srcset=\"https:\/\/senoticias.com.br\/se\/wp-content\/uploads\/2015\/11\/4246308954-paineis-smtt-300x188.jpg 300w, https:\/\/senoticias.com.br\/se\/wp-content\/uploads\/2015\/11\/4246308954-paineis-smtt-342x215.jpg 342w, https:\/\/senoticias.com.br\/se\/wp-content\/uploads\/2015\/11\/4246308954-paineis-smtt.jpg 616w\" sizes=\"(max-width: 300px) 100vw, 300px\" \/><\/a><p id=\"caption-attachment-85816\" class=\"wp-caption-text\">Foto: Divulga\u00e7\u00e3o<\/p><\/div>\n<p style=\"text-align: justify;\">Com o intuito de manter os condutores de ve\u00edculos e pedestres bem informados, beneficiando a mobilidade urbana, a Superintend\u00eancia Municipal de Transportes e Tr\u00e2nsito (SMTT) iniciou a instala\u00e7\u00e3o de pain\u00e9is informativos em cinco principais avenidas da cidade. Os pain\u00e9is servir\u00e3o para comunicar os condutores sobre as condi\u00e7\u00f5es de tr\u00e1fego em tempo real, passar\u00e3o mensagens educativas e tamb\u00e9m estimativas de deslocamento.<\/p>\n<p style=\"text-align: justify;\">Dois pain\u00e9is j\u00e1 foram instalados nas avenidas Tancredo Neves e Beira-Mar, e nessa primeira fase de implanta\u00e7\u00e3o outros tr\u00eas ser\u00e3o instalados nas avenidas Hildete Falc\u00e3o, Ivo do Prado e Her\u00e1clito Rollemberg. A licita\u00e7\u00e3o prev\u00ea a instala\u00e7\u00e3o de 10 pain\u00e9is de informa\u00e7\u00e3o distribu\u00eddos nas principais vias de Aracaju.<\/p>\n<p style=\"text-align: justify;\">Segundo o diretor de Planejamento e Sistemas da SMTT, Francisco Navarro, os pain\u00e9is s\u00e3o uma novidade no tr\u00e2nsito na cidade. \u201cEssa ser\u00e1 uma marca da atual gest\u00e3o. Os pain\u00e9is informar\u00e3o a situa\u00e7\u00e3o do tr\u00e2nsito em tempo real, dar\u00e3o dicas de tr\u00e2nsito e informa\u00e7\u00f5es sobre acidentes na via. Tudo isso facilitar\u00e1 a vida dos condutores\u201d.<\/p>\n<p style=\"text-align: justify;\">\n<em>Fonte: Ascom\/SMTT<\/em><\/p>\n<p style=\"text-align: justify;\"><strong>Acompanhe o SE Not\u00edcias no <a href=\"https:\/\/twitter.com\/Senoticias\" target=\"_blank\">Twitter <\/a>e no <a href=\"https:\/\/www.facebook.com\/PortalSENoticias\/\" target=\"_blank\">Facebook<\/a><\/strong><\/p>\n","protected":false},"excerpt":{"rendered":"<p>Com o intuito de manter os condutores de ve\u00edculos e pedestres bem informados, beneficiando a mobilidade urbana, a Superintend\u00eancia Municipal de Transportes e Tr\u00e2nsito (SMTT) iniciou a instala\u00e7\u00e3o de pain\u00e9is informativos em cinco principais avenidas da cidade. Os pain\u00e9is servir\u00e3o para comunicar os condutores sobre as condi\u00e7\u00f5es de tr\u00e1fego em tempo real, passar\u00e3o mensagens educativas [&hellip;]<\/p>\n","protected":false},"author":1,"featured_media":85816,"comment_status":"closed","ping_status":"closed","sticky":false,"template":"","format":"standard","meta":{"footnotes":""},"categories":[38],"tags":[],"class_list":{"0":"post-85815","1":"post","2":"type-post","3":"status-publish","4":"format-standard","5":"has-post-thumbnail","7":"category-municipios"},"_links":{"self":[{"href":"https:\/\/senoticias.com.br\/se\/wp-json\/wp\/v2\/posts\/85815"}],"collection":[{"href":"https:\/\/senoticias.com.br\/se\/wp-json\/wp\/v2\/posts"}],"about":[{"href":"https:\/\/senoticias.com.br\/se\/wp-json\/wp\/v2\/types\/post"}],"author":[{"embeddable":true,"href":"https:\/\/senoticias.com.br\/se\/wp-json\/wp\/v2\/users\/1"}],"replies":[{"embeddable":true,"href":"https:\/\/senoticias.com.br\/se\/wp-json\/wp\/v2\/comments?post=85815"}],"version-history":[{"count":0,"href":"https:\/\/senoticias.com.br\/se\/wp-json\/wp\/v2\/posts\/85815\/revisions"}],"wp:featuredmedia":[{"embeddable":true,"href":"https:\/\/senoticias.com.br\/se\/wp-json\/wp\/v2\/media\/85816"}],"wp:attachment":[{"href":"https:\/\/senoticias.com.br\/se\/wp-json\/wp\/v2\/media?parent=85815"}],"wp:term":[{"taxonomy":"category","embeddable":true,"href":"https:\/\/senoticias.com.br\/se\/wp-json\/wp\/v2\/categories?post=85815"},{"taxonomy":"post_tag","embeddable":true,"href":"https:\/\/senoticias.com.br\/se\/wp-json\/wp\/v2\/tags?post=85815"}],"curies":[{"name":"wp","href":"https:\/\/api.w.org\/{rel}","templated":true}]}}