{"id":85766,"date":"2015-11-09T14:02:30","date_gmt":"2015-11-09T17:02:30","guid":{"rendered":"http:\/\/senoticias.com.br\/se\/?p=85766"},"modified":"2015-11-10T15:39:32","modified_gmt":"2015-11-10T18:39:32","slug":"passageiro-de-onibus-e-preso-pela-prf-com-mais-de-30-quilos-de-maconha","status":"publish","type":"post","link":"https:\/\/senoticias.com.br\/se\/passageiro-de-onibus-e-preso-pela-prf-com-mais-de-30-quilos-de-maconha\/","title":{"rendered":"Passageiro de \u00f4nibus \u00e9 preso pela PRF com mais de 30 quilos de maconha"},"content":{"rendered":"<div id=\"attachment_85767\" style=\"width: 235px\" class=\"wp-caption alignright\"><a href=\"http:\/\/senoticias.com.br\/se\/wp-content\/uploads\/2015\/11\/1331429849-drogas-prf.jpg\"><img loading=\"lazy\" decoding=\"async\" aria-describedby=\"caption-attachment-85767\" class=\"size-medium wp-image-85767\" alt=\"1331429849-drogas-prf\" src=\"http:\/\/senoticias.com.br\/se\/wp-content\/uploads\/2015\/11\/1331429849-drogas-prf-225x300.jpg\" width=\"225\" height=\"300\" srcset=\"https:\/\/senoticias.com.br\/se\/wp-content\/uploads\/2015\/11\/1331429849-drogas-prf-225x300.jpg 225w, https:\/\/senoticias.com.br\/se\/wp-content\/uploads\/2015\/11\/1331429849-drogas-prf-342x455.jpg 342w, https:\/\/senoticias.com.br\/se\/wp-content\/uploads\/2015\/11\/1331429849-drogas-prf-300x399.jpg 300w, https:\/\/senoticias.com.br\/se\/wp-content\/uploads\/2015\/11\/1331429849-drogas-prf.jpg 616w\" sizes=\"(max-width: 225px) 100vw, 225px\" \/><\/a><p id=\"caption-attachment-85767\" class=\"wp-caption-text\">Foto: Ascom\/PRF<\/p><\/div>\n<p style=\"text-align: justify;\">Policiais Rodovi\u00e1rios Federais apreenderam na manh\u00e3 desse domingo (08), mais de 30 quilos de maconha prensada com o passageiro de um \u00f4nibus interestadual. A a\u00e7\u00e3o aconteceu no Km 05 da BR 235, na sa\u00edda de Aracaju.<\/p>\n<p style=\"text-align: justify;\">De acordo com a PRF, os agentes federais abordaram um \u00f4nibus que seguia de S\u00e3o Paulo para Aracaju e durante a fiscaliza\u00e7\u00e3o perceberam que um dos passageiros, um homem de 38 anos, apresentava nervosismo. Desconfiados, os policiais revistaram a bagagem dele e encontraram 32,5 quilos de maconha prensada.<\/p>\n<p style=\"text-align: justify;\">O homem disse aos agentes que a mala foi entregue por um tio na cidade de S\u00e3o Paulo e que ao chegar na capital sergipana, uma pessoa entraria em contato. Ele afirmou que desconhecia o conte\u00fado da bagagem.<\/p>\n<p style=\"text-align: justify;\">O passageiro junto com a droga foi encaminhado \u00e0 Delegacia de Pol\u00edcia Federal, em Aracaju e responder\u00e1 pelo crime de tr\u00e1fico de drogas.<\/p>\n<p style=\"text-align: justify;\"><em>Fonte: Ascom\/PRF<\/em><\/p>\n<p style=\"text-align: justify;\"><strong>Acompanhe o SE Not\u00edcias no <a href=\"https:\/\/twitter.com\/Senoticias\" target=\"_blank\">Twitter <\/a>e no <a href=\"https:\/\/www.facebook.com\/PortalSENoticias\" target=\"_blank\">Facebook<\/a><\/strong><\/p>\n","protected":false},"excerpt":{"rendered":"<p>Policiais Rodovi\u00e1rios Federais apreenderam na manh\u00e3 desse domingo (08), mais de 30 quilos de maconha prensada com o passageiro de um \u00f4nibus interestadual. A a\u00e7\u00e3o aconteceu no Km 05 da BR 235, na sa\u00edda de Aracaju. De acordo com a PRF, os agentes federais abordaram um \u00f4nibus que seguia de S\u00e3o Paulo para Aracaju e [&hellip;]<\/p>\n","protected":false},"author":1,"featured_media":85767,"comment_status":"closed","ping_status":"closed","sticky":false,"template":"","format":"standard","meta":{"footnotes":""},"categories":[310,7],"tags":[],"class_list":{"0":"post-85766","1":"post","2":"type-post","3":"status-publish","4":"format-standard","5":"has-post-thumbnail","7":"category-destaques-da-semana","8":"category-policia"},"_links":{"self":[{"href":"https:\/\/senoticias.com.br\/se\/wp-json\/wp\/v2\/posts\/85766"}],"collection":[{"href":"https:\/\/senoticias.com.br\/se\/wp-json\/wp\/v2\/posts"}],"about":[{"href":"https:\/\/senoticias.com.br\/se\/wp-json\/wp\/v2\/types\/post"}],"author":[{"embeddable":true,"href":"https:\/\/senoticias.com.br\/se\/wp-json\/wp\/v2\/users\/1"}],"replies":[{"embeddable":true,"href":"https:\/\/senoticias.com.br\/se\/wp-json\/wp\/v2\/comments?post=85766"}],"version-history":[{"count":0,"href":"https:\/\/senoticias.com.br\/se\/wp-json\/wp\/v2\/posts\/85766\/revisions"}],"wp:featuredmedia":[{"embeddable":true,"href":"https:\/\/senoticias.com.br\/se\/wp-json\/wp\/v2\/media\/85767"}],"wp:attachment":[{"href":"https:\/\/senoticias.com.br\/se\/wp-json\/wp\/v2\/media?parent=85766"}],"wp:term":[{"taxonomy":"category","embeddable":true,"href":"https:\/\/senoticias.com.br\/se\/wp-json\/wp\/v2\/categories?post=85766"},{"taxonomy":"post_tag","embeddable":true,"href":"https:\/\/senoticias.com.br\/se\/wp-json\/wp\/v2\/tags?post=85766"}],"curies":[{"name":"wp","href":"https:\/\/api.w.org\/{rel}","templated":true}]}}