{"id":85761,"date":"2015-11-09T07:34:21","date_gmt":"2015-11-09T10:34:21","guid":{"rendered":"http:\/\/senoticias.com.br\/se\/?p=85761"},"modified":"2015-11-10T15:33:29","modified_gmt":"2015-11-10T18:33:29","slug":"dois-homens-sao-executados-e-tres-feridos-na-maranhao","status":"publish","type":"post","link":"https:\/\/senoticias.com.br\/se\/dois-homens-sao-executados-e-tres-feridos-na-maranhao\/","title":{"rendered":"Dois homens s\u00e3o executados e tr\u00eas feridos na Avenida Maranh\u00e3o"},"content":{"rendered":"<p style=\"text-align: justify;\"><strong><em>Por C\u00e1ssia Santana, <a href=\"http:\/\/www.infonet.com.br\/cidade\/ler.asp?id=179424&amp;pagina=1\" target=\"_blank\">Portal Infonet<\/a><\/em><\/strong><\/p>\n<div id=\"attachment_85763\" style=\"width: 181px\" class=\"wp-caption alignright\"><a href=\"http:\/\/senoticias.com.br\/se\/wp-content\/uploads\/2015\/11\/Pratas.jpg\"><img loading=\"lazy\" decoding=\"async\" aria-describedby=\"caption-attachment-85763\" class=\"size-medium wp-image-85763\" alt=\" Thiago das Pratas, como era conhecido, foi atingido no pesco\u00e7o e no peito. (Foto: arquivo\/pessoal) \" src=\"http:\/\/senoticias.com.br\/se\/wp-content\/uploads\/2015\/11\/Pratas-171x300.jpg\" width=\"171\" height=\"300\" srcset=\"https:\/\/senoticias.com.br\/se\/wp-content\/uploads\/2015\/11\/Pratas-171x300.jpg 171w, https:\/\/senoticias.com.br\/se\/wp-content\/uploads\/2015\/11\/Pratas-342x597.jpg 342w, https:\/\/senoticias.com.br\/se\/wp-content\/uploads\/2015\/11\/Pratas.jpg 433w\" sizes=\"(max-width: 171px) 100vw, 171px\" \/><\/a><p id=\"caption-attachment-85763\" class=\"wp-caption-text\"><br \/>Thiago das Pratas, como era conhecido, foi atingido no pesco\u00e7o e no peito. (Foto: arquivo\/pessoal)<\/p><\/div>\n<p style=\"text-align: justify;\">Duas pessoas morreram e outras tr\u00eas ficaram feridas no in\u00edcio da noite deste domingo, 8, na avenida Maranh\u00e3o, em Aracaju. De acordo com informa\u00e7\u00f5es da pol\u00edcia militar, o crime tem caracter\u00edstica de execu\u00e7\u00e3o e as v\u00edtimas n\u00e3o tiveram tempo de reagir. O Servi\u00e7o de Atendimento M\u00f3vel de Urg\u00eancia (Samu) constatou o \u00f3bito de duas v\u00edtimas no local e os tr\u00eas feridos [todos do sexo masculino e maiores de 18 anos] foram encaminhados para a ala verde trauma do Hospital de Urg\u00eancia de Sergipe (Huse).<\/p>\n<p style=\"text-align: justify;\">Conforme o tenente-coronel Vivaldy Cabral, comandante do 8\u00ba Batalh\u00e3o da Pol\u00edcia Militar (BPM), pouco antes das 18h, dois rapazes ocupando um ciclomotor se aproximaram de um bar, na avenida Maranh\u00e3o, e dispararam v\u00e1rios tiros. N\u00e3o houve rea\u00e7\u00e3o, conforme observa\u00e7\u00f5es do tenente-coronel. Logo ap\u00f3s os disparos, os dois criminosos fugiram e a autoria do crime ainda n\u00e3o foi identificada, segundo o tenente-coronel Vivaldy Cabral.<\/p>\n<p style=\"text-align: justify;\">S\u00e3o poucas as informa\u00e7\u00f5es sobre as v\u00edtimas. Os primeiros levantamentos realizados pela Pol\u00edcia Militar indicam que os dois mortos foram identificados como Tiago Teles dos Santos, conhecido como Tago Prata, e Danilo dos Santos Vilela [um deles teria 30 anos e outro com 24 anos, conforme registros do Instituto M\u00e9dico Legal, que n\u00e3o divulga os nomes das v\u00edtimas por determina\u00e7\u00e3o do secret\u00e1rio Mendon\u00e7a Prado, da Seguran\u00e7a P\u00fablica].<\/p>\n<p style=\"text-align: justify;\">Para atender \u00e0 ocorr\u00eancia, o Samu deslocou cinco equipes: duas da Unidade de Suporte B\u00e1sico, uma da Unidade de Suporte Avan\u00e7ado e duas motol\u00e2ncias. Conforme informa\u00e7\u00f5es da diretoria do Samu, foi de dez minutos o tempo de resposta \u00e0 ocorr\u00eancia, entre a abertura do chamado e o atendimento \u00e0s v\u00edtimas no local do crime.<\/p>\n<p style=\"text-align: justify;\">As primeiras informa\u00e7\u00f5es colhidas pela equipe do 8\u00ba BPM indicam que as v\u00edtimas alvejadas teriam envolvimento com drogas. \u201cMas nada confirmado ainda. Foram as primeiras informa\u00e7\u00f5es que chegaram para o nosso pessoal no local do crime\u201d, destacou o tenente-coronel Vivaldy.<\/p>\n<p><strong>Acompanhe o SE Not\u00edcias no\u00a0<a href=\"https:\/\/twitter.com\/Senoticias\" target=\"_blank\">Twitter\u00a0<\/a>e no\u00a0<a href=\"https:\/\/www.facebook.com\/PortalSENoticias\/\" target=\"_blank\">Facebook<\/a><\/strong><\/p>\n<p><strong><em>Mat\u00e9ria postada originalmente por C\u00e1ssia Santana, no Portal Infonet<\/em><\/strong><\/p>\n","protected":false},"excerpt":{"rendered":"<p>Por C\u00e1ssia Santana, Portal Infonet Duas pessoas morreram e outras tr\u00eas ficaram feridas no in\u00edcio da noite deste domingo, 8, na avenida Maranh\u00e3o, em Aracaju. De acordo com informa\u00e7\u00f5es da pol\u00edcia militar, o crime tem caracter\u00edstica de execu\u00e7\u00e3o e as v\u00edtimas n\u00e3o tiveram tempo de reagir. O Servi\u00e7o de Atendimento M\u00f3vel de Urg\u00eancia (Samu) constatou [&hellip;]<\/p>\n","protected":false},"author":1,"featured_media":85763,"comment_status":"closed","ping_status":"closed","sticky":false,"template":"","format":"standard","meta":{"footnotes":""},"categories":[7],"tags":[],"class_list":{"0":"post-85761","1":"post","2":"type-post","3":"status-publish","4":"format-standard","5":"has-post-thumbnail","7":"category-policia"},"_links":{"self":[{"href":"https:\/\/senoticias.com.br\/se\/wp-json\/wp\/v2\/posts\/85761"}],"collection":[{"href":"https:\/\/senoticias.com.br\/se\/wp-json\/wp\/v2\/posts"}],"about":[{"href":"https:\/\/senoticias.com.br\/se\/wp-json\/wp\/v2\/types\/post"}],"author":[{"embeddable":true,"href":"https:\/\/senoticias.com.br\/se\/wp-json\/wp\/v2\/users\/1"}],"replies":[{"embeddable":true,"href":"https:\/\/senoticias.com.br\/se\/wp-json\/wp\/v2\/comments?post=85761"}],"version-history":[{"count":0,"href":"https:\/\/senoticias.com.br\/se\/wp-json\/wp\/v2\/posts\/85761\/revisions"}],"wp:featuredmedia":[{"embeddable":true,"href":"https:\/\/senoticias.com.br\/se\/wp-json\/wp\/v2\/media\/85763"}],"wp:attachment":[{"href":"https:\/\/senoticias.com.br\/se\/wp-json\/wp\/v2\/media?parent=85761"}],"wp:term":[{"taxonomy":"category","embeddable":true,"href":"https:\/\/senoticias.com.br\/se\/wp-json\/wp\/v2\/categories?post=85761"},{"taxonomy":"post_tag","embeddable":true,"href":"https:\/\/senoticias.com.br\/se\/wp-json\/wp\/v2\/tags?post=85761"}],"curies":[{"name":"wp","href":"https:\/\/api.w.org\/{rel}","templated":true}]}}