{"id":85758,"date":"2015-11-09T07:18:46","date_gmt":"2015-11-09T10:18:46","guid":{"rendered":"http:\/\/senoticias.com.br\/se\/?p=85758"},"modified":"2015-11-09T07:22:19","modified_gmt":"2015-11-09T10:22:19","slug":"maos-que-ajudam-a-promover-o-i-encontro-viva-bem-com-diabetes","status":"publish","type":"post","link":"https:\/\/senoticias.com.br\/se\/maos-que-ajudam-a-promover-o-i-encontro-viva-bem-com-diabetes\/","title":{"rendered":"Igreja promove I Encontro Viva bem com Diabetes"},"content":{"rendered":"<p style=\"text-align: justify;\">A Igreja de Jesus Cristo dos Santos dos \u00daltimos Dias, atrav\u00e9s do programa M\u00e3os que ajudam e em parceria com a Equipe Elton da Enfermagem; promove no dia 12 de novembro a a\u00e7\u00e3o intitulada &#8220;M\u00e3os que Ajudam a Promover o I Encontro Viva Bem Com Diabetes&#8221; evento aberto ao p\u00fablico e em passagem ao dia mundial do diab\u00e9tico.<\/p>\n<div id=\"attachment_85759\" style=\"width: 608px\" class=\"wp-caption aligncenter\"><a href=\"http:\/\/senoticias.com.br\/se\/wp-content\/uploads\/2015\/11\/FOTO-A\u00c7\u00c3O-PASSADA-e1447064414483.jpg\"><img loading=\"lazy\" decoding=\"async\" aria-describedby=\"caption-attachment-85759\" class=\"size-full wp-image-85759\" alt=\"Evento busca qualidade de vida para o diab\u00e9tico. (Foto:arquivo\/pessoal)\" src=\"http:\/\/senoticias.com.br\/se\/wp-content\/uploads\/2015\/11\/FOTO-A\u00c7\u00c3O-PASSADA-e1447064414483.jpg\" width=\"598\" height=\"336\" \/><\/a><p id=\"caption-attachment-85759\" class=\"wp-caption-text\">Evento busca qualidade de vida para o diab\u00e9tico. (Foto:arquivo\/pessoal)<\/p><\/div>\n<p style=\"text-align: justify;\">O evento acontecer\u00e1 na capela de A Igreja de Jesus Cristo dos Santos dos \u00daltimos Dias, situada na Rua S\u00e3o Jorge, 606 , Santos Dumont, Aracaju-SE<\/p>\n<p style=\"text-align: justify;\">No encontro ter\u00e1 palestras sobre cuidados com diabetes, alimenta\u00e7\u00e3o saud\u00e1vel, al\u00e9m de atividades f\u00edsicas e Medi\u00e7\u00e3o de press\u00e3o e glicemia.<\/p>\n<p style=\"text-align: justify;\"><strong>Acompanhe o SE Not\u00edcias no\u00a0<a href=\"https:\/\/twitter.com\/Senoticias\" target=\"_blank\">Twitter\u00a0<\/a>e no\u00a0<a href=\"https:\/\/www.facebook.com\/PortalSENoticias\/\" target=\"_blank\">Facebook<\/a><\/strong><\/p>\n<p style=\"text-align: justify;\"><em><strong>Da Assessoria do Evento<\/strong><\/em><\/p>\n","protected":false},"excerpt":{"rendered":"<p>A Igreja de Jesus Cristo dos Santos dos \u00daltimos Dias, atrav\u00e9s do programa M\u00e3os que ajudam e em parceria com a Equipe Elton da Enfermagem; promove no dia 12 de novembro a a\u00e7\u00e3o intitulada &#8220;M\u00e3os que Ajudam a Promover o I Encontro Viva Bem Com Diabetes&#8221; evento aberto ao p\u00fablico e em passagem ao dia [&hellip;]<\/p>\n","protected":false},"author":1,"featured_media":85759,"comment_status":"closed","ping_status":"closed","sticky":false,"template":"","format":"standard","meta":{"footnotes":""},"categories":[46,1],"tags":[],"class_list":{"0":"post-85758","1":"post","2":"type-post","3":"status-publish","4":"format-standard","5":"has-post-thumbnail","7":"category-religiao","8":"category-sem-categoria"},"_links":{"self":[{"href":"https:\/\/senoticias.com.br\/se\/wp-json\/wp\/v2\/posts\/85758"}],"collection":[{"href":"https:\/\/senoticias.com.br\/se\/wp-json\/wp\/v2\/posts"}],"about":[{"href":"https:\/\/senoticias.com.br\/se\/wp-json\/wp\/v2\/types\/post"}],"author":[{"embeddable":true,"href":"https:\/\/senoticias.com.br\/se\/wp-json\/wp\/v2\/users\/1"}],"replies":[{"embeddable":true,"href":"https:\/\/senoticias.com.br\/se\/wp-json\/wp\/v2\/comments?post=85758"}],"version-history":[{"count":0,"href":"https:\/\/senoticias.com.br\/se\/wp-json\/wp\/v2\/posts\/85758\/revisions"}],"wp:featuredmedia":[{"embeddable":true,"href":"https:\/\/senoticias.com.br\/se\/wp-json\/wp\/v2\/media\/85759"}],"wp:attachment":[{"href":"https:\/\/senoticias.com.br\/se\/wp-json\/wp\/v2\/media?parent=85758"}],"wp:term":[{"taxonomy":"category","embeddable":true,"href":"https:\/\/senoticias.com.br\/se\/wp-json\/wp\/v2\/categories?post=85758"},{"taxonomy":"post_tag","embeddable":true,"href":"https:\/\/senoticias.com.br\/se\/wp-json\/wp\/v2\/tags?post=85758"}],"curies":[{"name":"wp","href":"https:\/\/api.w.org\/{rel}","templated":true}]}}