{"id":85755,"date":"2015-11-08T15:00:15","date_gmt":"2015-11-08T18:00:15","guid":{"rendered":"http:\/\/senoticias.com.br\/se\/?p=85755"},"modified":"2015-11-08T15:07:36","modified_gmt":"2015-11-08T18:07:36","slug":"jovem-e-assassinada-com-arma-de-fogo-em-tobias-barreto","status":"publish","type":"post","link":"https:\/\/senoticias.com.br\/se\/jovem-e-assassinada-com-arma-de-fogo-em-tobias-barreto\/","title":{"rendered":"Jovem \u00e9 assassinada com arma de fogo em Tobias Barreto"},"content":{"rendered":"<p style=\"text-align: justify;\"><strong><em>Por Aldaci de Souza, <a href=\"http:\/\/www.infonet.com.br\/cidade\/ler.asp?id=179417&amp;pagina=1\" target=\"_blank\">Portal Infonet<\/a><\/em><\/strong><\/p>\n<p style=\"text-align: justify;\">Repercute no munic\u00edpio de Tobias Barreto, o assassinato da jovem Marcela Silva, 26. Ela estava sentada na porta de uma resid\u00eancia localizada \u00e0 rua Jos\u00e9 Seabra, conjunto Maria do Carmo, na noite deste s\u00e1bado, 7, quando\u00a0foi alvejada<strong>\u00a0<\/strong>por v\u00e1rios disparos de arma de fogo.<\/p>\n<div id=\"attachment_85757\" style=\"width: 608px\" class=\"wp-caption aligncenter\"><a href=\"http:\/\/senoticias.com.br\/se\/wp-content\/uploads\/2015\/11\/marcela-e1447005789263.jpg\"><img loading=\"lazy\" decoding=\"async\" aria-describedby=\"caption-attachment-85757\" class=\"size-full wp-image-85757\" alt=\"Marcela Silva foi surpreendida quando estava sentada na porta. (Foto: arquivo\/pessoal)\" src=\"http:\/\/senoticias.com.br\/se\/wp-content\/uploads\/2015\/11\/marcela-e1447005789263.jpg\" width=\"598\" height=\"397\" \/><\/a><p id=\"caption-attachment-85757\" class=\"wp-caption-text\">Marcela Silva foi surpreendida quando estava sentada na porta. (Foto: arquivo\/pessoal)<\/p><\/div>\n<p style=\"text-align: justify;\">Policiais est\u00e3o intensificando as buscas do autor dos tiros que atingiram a jovem. Testemunhas apontam dois rapazes que j\u00e1 teriam chegado em uma motocicleta, atirando na mo\u00e7a que estava sentada na cal\u00e7ada, fugindo em velocidade.<\/p>\n<p style=\"text-align: justify;\">Ainda n\u00e3o se sabe a motiva\u00e7\u00e3o do crime. Marcela Silva deixa um casal de filhos, a mais nova com apenas tr\u00eas anos. Na cidade, a informa\u00e7\u00e3o \u00e9 de que o pai das crian\u00e7as morreu h\u00e1 poucos meses.<\/p>\n<p style=\"text-align: justify;\"><strong>Acompanhe o SE Not\u00edcias no\u00a0<a href=\"https:\/\/twitter.com\/Senoticias\" target=\"_blank\">Twitter\u00a0<\/a>e no\u00a0<a href=\"https:\/\/www.facebook.com\/PortalSENoticias\/\" target=\"_blank\">Facebook<\/a><\/strong><\/p>\n<p style=\"text-align: justify;\"><strong><em>Por Aldaci de Souza, Portal Infonet<\/em><\/strong><\/p>\n","protected":false},"excerpt":{"rendered":"<p>Por Aldaci de Souza, Portal Infonet Repercute no munic\u00edpio de Tobias Barreto, o assassinato da jovem Marcela Silva, 26. Ela estava sentada na porta de uma resid\u00eancia localizada \u00e0 rua Jos\u00e9 Seabra, conjunto Maria do Carmo, na noite deste s\u00e1bado, 7, quando\u00a0foi alvejada\u00a0por v\u00e1rios disparos de arma de fogo. Policiais est\u00e3o intensificando as buscas do [&hellip;]<\/p>\n","protected":false},"author":1,"featured_media":85757,"comment_status":"closed","ping_status":"closed","sticky":false,"template":"","format":"standard","meta":{"footnotes":""},"categories":[7],"tags":[],"class_list":{"0":"post-85755","1":"post","2":"type-post","3":"status-publish","4":"format-standard","5":"has-post-thumbnail","7":"category-policia"},"_links":{"self":[{"href":"https:\/\/senoticias.com.br\/se\/wp-json\/wp\/v2\/posts\/85755"}],"collection":[{"href":"https:\/\/senoticias.com.br\/se\/wp-json\/wp\/v2\/posts"}],"about":[{"href":"https:\/\/senoticias.com.br\/se\/wp-json\/wp\/v2\/types\/post"}],"author":[{"embeddable":true,"href":"https:\/\/senoticias.com.br\/se\/wp-json\/wp\/v2\/users\/1"}],"replies":[{"embeddable":true,"href":"https:\/\/senoticias.com.br\/se\/wp-json\/wp\/v2\/comments?post=85755"}],"version-history":[{"count":0,"href":"https:\/\/senoticias.com.br\/se\/wp-json\/wp\/v2\/posts\/85755\/revisions"}],"wp:featuredmedia":[{"embeddable":true,"href":"https:\/\/senoticias.com.br\/se\/wp-json\/wp\/v2\/media\/85757"}],"wp:attachment":[{"href":"https:\/\/senoticias.com.br\/se\/wp-json\/wp\/v2\/media?parent=85755"}],"wp:term":[{"taxonomy":"category","embeddable":true,"href":"https:\/\/senoticias.com.br\/se\/wp-json\/wp\/v2\/categories?post=85755"},{"taxonomy":"post_tag","embeddable":true,"href":"https:\/\/senoticias.com.br\/se\/wp-json\/wp\/v2\/tags?post=85755"}],"curies":[{"name":"wp","href":"https:\/\/api.w.org\/{rel}","templated":true}]}}