{"id":85744,"date":"2015-11-07T20:08:06","date_gmt":"2015-11-07T23:08:06","guid":{"rendered":"http:\/\/senoticias.com.br\/se\/?p=85744"},"modified":"2015-11-08T09:03:40","modified_gmt":"2015-11-08T12:03:40","slug":"smtt-constata-fraude-no-pagamento-da-liberacao-de-veiculos","status":"publish","type":"post","link":"https:\/\/senoticias.com.br\/se\/smtt-constata-fraude-no-pagamento-da-liberacao-de-veiculos\/","title":{"rendered":"SMTT de Aracaju constata fraude no pagamento da libera\u00e7\u00e3o de ve\u00edculos"},"content":{"rendered":"<div id=\"attachment_85745\" style=\"width: 310px\" class=\"wp-caption alignright\"><a href=\"http:\/\/senoticias.com.br\/se\/wp-content\/uploads\/2015\/11\/7112015894.jpg\"><img loading=\"lazy\" decoding=\"async\" aria-describedby=\"caption-attachment-85745\" class=\"size-medium wp-image-85745\" alt=\"Foto: Divulga\u00e7\u00e3o \" src=\"http:\/\/senoticias.com.br\/se\/wp-content\/uploads\/2015\/11\/7112015894-300x225.jpg\" width=\"300\" height=\"225\" srcset=\"https:\/\/senoticias.com.br\/se\/wp-content\/uploads\/2015\/11\/7112015894-300x225.jpg 300w, https:\/\/senoticias.com.br\/se\/wp-content\/uploads\/2015\/11\/7112015894-342x256.jpg 342w, https:\/\/senoticias.com.br\/se\/wp-content\/uploads\/2015\/11\/7112015894-60x45.jpg 60w, https:\/\/senoticias.com.br\/se\/wp-content\/uploads\/2015\/11\/7112015894-150x113.jpg 150w, https:\/\/senoticias.com.br\/se\/wp-content\/uploads\/2015\/11\/7112015894-269x201.jpg 269w, https:\/\/senoticias.com.br\/se\/wp-content\/uploads\/2015\/11\/7112015894.jpg 640w\" sizes=\"(max-width: 300px) 100vw, 300px\" \/><\/a><p id=\"caption-attachment-85745\" class=\"wp-caption-text\">Foto: Divulga\u00e7\u00e3o<\/p><\/div>\n<p style=\"text-align: justify;\">Baseada no artigo 231, inciso 8\u00ba do C\u00f3digo de Tr\u00e2nsito Brasileiro (CTB) e na Lei Municipal 2864\/2000, que pro\u00edbem o transporte irregular de passageiros, a Superintend\u00eancia Municipal de Transportes e Tr\u00e2nsito (SMTT), em parceria com a Guarda Municipal de Aracaju (GMA), vem realizando diuturnamente opera\u00e7\u00f5es de combate a esse tipo de transporte no munic\u00edpio. Na manh\u00e3 desta sexta-feira (6), o \u00f3rg\u00e3o constatou uma fraude no pagamento da libera\u00e7\u00e3o de dois ve\u00edculos que estavam apreendidos no p\u00e1tio do \u00f3rg\u00e3o.<\/p>\n<p style=\"text-align: justify;\">Ao desconfiar da autenticidade do documento apresentado, o supervisor do p\u00e1tio da SMTT, Gilberto Salvador, imediatamente entrou em contato com a sede do \u00f3rg\u00e3o que confirmou atrav\u00e9s do banco que n\u00e3o houve compensa\u00e7\u00e3o banc\u00e1ria para o referido boleto. A Guarda Municipal foi acionada e imediatamente os acusados foram presos e encaminhados para a 4\u00ba Delegacia Metropolitana.<\/p>\n<p style=\"text-align: justify;\">De acordo com o diretor de transporte p\u00fablicos da SMTT, Coronel P\u00e9ricles, somente este ano j\u00e1 foram apreendidos cerca de 480 ve\u00edculos realizando o transporte irregular de passageiros. \u201cComo resultado dessa opera\u00e7\u00e3o de rotina, dois cidad\u00e3os que fraudaram o comprovante de pagamento para a libera\u00e7\u00e3o do ve\u00edculo acabaram presos. Isso s\u00f3 demonstra que o nosso trabalho est\u00e1 no caminho certo e comprova que existem pessoas infringindo n\u00e3o s\u00f3 a lei de tr\u00e2nsito, mas tamb\u00e9m est\u00e3o cometendo outros tipos de crimes\u201d, comentou o Coronel.<\/p>\n<p style=\"text-align: justify;\">O delegado da 4\u00b0 Delegacia Metropolitana, Marcos Garcia, elogiou o trabalho da SMTT juntamente com a Guarda Municipal, ao conduzirem os cidad\u00e3os \u00e0 delegacia. \u201cFoi importante para o encaminhamento dos processos legais. Os infratores est\u00e3o presos aguardando os advogados para que os acompanhe nos interrogat\u00f3rios. Depois ser\u00e3o encaminhados ao juiz para uma audi\u00eancia de cumprimento da senten\u00e7a\u201d, comenta o delegado.<\/p>\n<p style=\"text-align: justify;\">O diretor de transporte p\u00fablicos, Coronel P\u00e9ricles, avisa que a SMTT estar\u00e1 tomando todas as medidas cab\u00edveis para coibir este tipo de conduta. \u201cO setor jur\u00eddico do \u00f3rg\u00e3o j\u00e1 foi acionado, e em reuni\u00e3o com toda a diretoria na tarde de hoje, n\u00f3s discutimos medidas que possam impedir esse tipo de conduta il\u00edcita\u201d, concluiu.<\/p>\n<p style=\"text-align: justify;\"><em>Fonte: Ag\u00eancia Aracaju<\/em><\/p>\n<p style=\"text-align: justify;\"><strong>Acompanhe o SE Not\u00edcias no <a href=\"https:\/\/twitter.com\/Senoticias\" target=\"_blank\">Twitter <\/a>e no <a href=\"https:\/\/www.facebook.com\/PortalSENoticias\/\" target=\"_blank\">Facebook<\/a><\/strong><\/p>\n","protected":false},"excerpt":{"rendered":"<p>Baseada no artigo 231, inciso 8\u00ba do C\u00f3digo de Tr\u00e2nsito Brasileiro (CTB) e na Lei Municipal 2864\/2000, que pro\u00edbem o transporte irregular de passageiros, a Superintend\u00eancia Municipal de Transportes e Tr\u00e2nsito (SMTT), em parceria com a Guarda Municipal de Aracaju (GMA), vem realizando diuturnamente opera\u00e7\u00f5es de combate a esse tipo de transporte no munic\u00edpio. Na [&hellip;]<\/p>\n","protected":false},"author":1,"featured_media":85745,"comment_status":"closed","ping_status":"closed","sticky":false,"template":"","format":"standard","meta":{"footnotes":""},"categories":[6],"tags":[],"class_list":{"0":"post-85744","1":"post","2":"type-post","3":"status-publish","4":"format-standard","5":"has-post-thumbnail","7":"category-politica"},"_links":{"self":[{"href":"https:\/\/senoticias.com.br\/se\/wp-json\/wp\/v2\/posts\/85744"}],"collection":[{"href":"https:\/\/senoticias.com.br\/se\/wp-json\/wp\/v2\/posts"}],"about":[{"href":"https:\/\/senoticias.com.br\/se\/wp-json\/wp\/v2\/types\/post"}],"author":[{"embeddable":true,"href":"https:\/\/senoticias.com.br\/se\/wp-json\/wp\/v2\/users\/1"}],"replies":[{"embeddable":true,"href":"https:\/\/senoticias.com.br\/se\/wp-json\/wp\/v2\/comments?post=85744"}],"version-history":[{"count":0,"href":"https:\/\/senoticias.com.br\/se\/wp-json\/wp\/v2\/posts\/85744\/revisions"}],"wp:featuredmedia":[{"embeddable":true,"href":"https:\/\/senoticias.com.br\/se\/wp-json\/wp\/v2\/media\/85745"}],"wp:attachment":[{"href":"https:\/\/senoticias.com.br\/se\/wp-json\/wp\/v2\/media?parent=85744"}],"wp:term":[{"taxonomy":"category","embeddable":true,"href":"https:\/\/senoticias.com.br\/se\/wp-json\/wp\/v2\/categories?post=85744"},{"taxonomy":"post_tag","embeddable":true,"href":"https:\/\/senoticias.com.br\/se\/wp-json\/wp\/v2\/tags?post=85744"}],"curies":[{"name":"wp","href":"https:\/\/api.w.org\/{rel}","templated":true}]}}