{"id":85741,"date":"2015-11-07T20:03:09","date_gmt":"2015-11-07T23:03:09","guid":{"rendered":"http:\/\/senoticias.com.br\/se\/?p=85741"},"modified":"2015-11-08T09:05:07","modified_gmt":"2015-11-08T12:05:07","slug":"bombeiros-registram-aumento-de-incendios-em-vegetacao","status":"publish","type":"post","link":"https:\/\/senoticias.com.br\/se\/bombeiros-registram-aumento-de-incendios-em-vegetacao\/","title":{"rendered":"Bombeiros registram aumento de inc\u00eandios em vegeta\u00e7\u00e3o"},"content":{"rendered":"<p style=\"text-align: justify;\">Com a chegada das esta\u00e7\u00f5es com maiores registros de temperatura, cresce o n\u00famero de ocorr\u00eancias atendidas pelo Corpo de Bombeiros de Sergipe relativas a Inc\u00eandios em vegeta\u00e7\u00e3o em \u00e1reas urbanas.<\/p>\n<p style=\"text-align: justify;\">No in\u00edcio da tarde dessa sexta-feira (06), bombeiros lotados no Posto Avan\u00e7ado da orla da Atalaia (4\u00b0 GBM) foram acionados pelo Centro Integrado de Opera\u00e7\u00f5es em Seguran\u00e7a P\u00fablica (Ciosp) para atender uma ocorr\u00eancia de &#8220;fogo no mato&#8221;, na regi\u00e3o do bairro Coroa do Meio.<\/p>\n<div id=\"attachment_85742\" style=\"width: 608px\" class=\"wp-caption aligncenter\"><a href=\"http:\/\/senoticias.com.br\/se\/wp-content\/uploads\/2015\/11\/3407951574-bombeiros-fogo-no-mato.jpg\"><img loading=\"lazy\" decoding=\"async\" aria-describedby=\"caption-attachment-85742\" class=\" wp-image-85742 \" alt=\"Foto: Corpo de Bombeiros\" src=\"http:\/\/senoticias.com.br\/se\/wp-content\/uploads\/2015\/11\/3407951574-bombeiros-fogo-no-mato.jpg\" width=\"598\" height=\"370\" \/><\/a><p id=\"caption-attachment-85742\" class=\"wp-caption-text\">Foto: Corpo de Bombeiros<\/p><\/div>\n<p style=\"text-align: justify;\">As labaredas queimavam a vegeta\u00e7\u00e3o seca de um terreno baldio e a fuma\u00e7a intensa incomodava a vizinhan\u00e7a. Os bombeiros controlaram a situa\u00e7\u00e3o utilizando \u00e1gua do reservat\u00f3rio da viatura de combate a inc\u00eandio. &#8220;Debelamos r\u00e1pido as chamas. Nessa \u00e9poca do ano esse tipo de ocorr\u00eancia corresponde a mais de 50% dos atendimentos efetuados por n\u00f3s do 4 \u00b0GBM&#8221;, destacou o sargento C Santos.<\/p>\n<p style=\"text-align: justify;\">Segundo relatos de moradores locais, o inc\u00eandio foi criminoso. &#8221; Eles afirmaram que viram um cidad\u00e3o no local que tocou fogo na vegeta\u00e7\u00e3o e se evadiu&#8221;, destacou C Santos. Ainda segundo o sargento, em casos de inc\u00eandios provocados \u00e9 importante que se fa\u00e7a a den\u00fancia atrav\u00e9s da delegacia mais pr\u00f3xima ou acione o Pelot\u00e3o ambiental de imediato atrav\u00e9s do 190.<\/p>\n<p style=\"text-align: justify;\"><em>Fonte: Corpo de Bombeiros<\/em><\/p>\n<p style=\"text-align: justify;\"><strong>Acompanhe o SE Not\u00edcias no <a href=\"https:\/\/twitter.com\/Senoticias\" target=\"_blank\">Twitter <\/a>e no <a href=\"https:\/\/www.facebook.com\/PortalSENoticias\/\" target=\"_blank\">Facebook<\/a><\/strong><\/p>\n","protected":false},"excerpt":{"rendered":"<p>Com a chegada das esta\u00e7\u00f5es com maiores registros de temperatura, cresce o n\u00famero de ocorr\u00eancias atendidas pelo Corpo de Bombeiros de Sergipe relativas a Inc\u00eandios em vegeta\u00e7\u00e3o em \u00e1reas urbanas. No in\u00edcio da tarde dessa sexta-feira (06), bombeiros lotados no Posto Avan\u00e7ado da orla da Atalaia (4\u00b0 GBM) foram acionados pelo Centro Integrado de Opera\u00e7\u00f5es [&hellip;]<\/p>\n","protected":false},"author":1,"featured_media":85742,"comment_status":"closed","ping_status":"closed","sticky":false,"template":"","format":"standard","meta":{"footnotes":""},"categories":[7],"tags":[],"class_list":{"0":"post-85741","1":"post","2":"type-post","3":"status-publish","4":"format-standard","5":"has-post-thumbnail","7":"category-policia"},"_links":{"self":[{"href":"https:\/\/senoticias.com.br\/se\/wp-json\/wp\/v2\/posts\/85741"}],"collection":[{"href":"https:\/\/senoticias.com.br\/se\/wp-json\/wp\/v2\/posts"}],"about":[{"href":"https:\/\/senoticias.com.br\/se\/wp-json\/wp\/v2\/types\/post"}],"author":[{"embeddable":true,"href":"https:\/\/senoticias.com.br\/se\/wp-json\/wp\/v2\/users\/1"}],"replies":[{"embeddable":true,"href":"https:\/\/senoticias.com.br\/se\/wp-json\/wp\/v2\/comments?post=85741"}],"version-history":[{"count":0,"href":"https:\/\/senoticias.com.br\/se\/wp-json\/wp\/v2\/posts\/85741\/revisions"}],"wp:featuredmedia":[{"embeddable":true,"href":"https:\/\/senoticias.com.br\/se\/wp-json\/wp\/v2\/media\/85742"}],"wp:attachment":[{"href":"https:\/\/senoticias.com.br\/se\/wp-json\/wp\/v2\/media?parent=85741"}],"wp:term":[{"taxonomy":"category","embeddable":true,"href":"https:\/\/senoticias.com.br\/se\/wp-json\/wp\/v2\/categories?post=85741"},{"taxonomy":"post_tag","embeddable":true,"href":"https:\/\/senoticias.com.br\/se\/wp-json\/wp\/v2\/tags?post=85741"}],"curies":[{"name":"wp","href":"https:\/\/api.w.org\/{rel}","templated":true}]}}