{"id":85738,"date":"2015-11-07T19:56:58","date_gmt":"2015-11-07T22:56:58","guid":{"rendered":"http:\/\/senoticias.com.br\/se\/?p=85738"},"modified":"2015-11-07T19:56:58","modified_gmt":"2015-11-07T22:56:58","slug":"acidente-com-dois-onibus-deixa-feridos-no-centro-de-aracaju","status":"publish","type":"post","link":"https:\/\/senoticias.com.br\/se\/acidente-com-dois-onibus-deixa-feridos-no-centro-de-aracaju\/","title":{"rendered":"Acidente com dois \u00f4nibus deixa feridos no centro de Aracaju"},"content":{"rendered":"<div id=\"attachment_85739\" style=\"width: 310px\" class=\"wp-caption alignright\"><a href=\"http:\/\/senoticias.com.br\/se\/wp-content\/uploads\/2015\/11\/7112015151346.jpg\"><img loading=\"lazy\" decoding=\"async\" aria-describedby=\"caption-attachment-85739\" class=\"size-medium wp-image-85739\" alt=\"Foto: Gabriel Dam\u00e1sio \/ Jornal do Dia \" src=\"http:\/\/senoticias.com.br\/se\/wp-content\/uploads\/2015\/11\/7112015151346-300x197.jpg\" width=\"300\" height=\"197\" srcset=\"https:\/\/senoticias.com.br\/se\/wp-content\/uploads\/2015\/11\/7112015151346-300x197.jpg 300w, https:\/\/senoticias.com.br\/se\/wp-content\/uploads\/2015\/11\/7112015151346-342x225.jpg 342w, https:\/\/senoticias.com.br\/se\/wp-content\/uploads\/2015\/11\/7112015151346.jpg 640w\" sizes=\"(max-width: 300px) 100vw, 300px\" \/><\/a><p id=\"caption-attachment-85739\" class=\"wp-caption-text\">Foto: Gabriel Dam\u00e1sio \/ Jornal do Dia<\/p><\/div>\n<p style=\"text-align: justify;\">Uma colis\u00e3o entre dois \u00f4nibus do transporte coletivo neste s\u00e1bado, 7, deixou o saldo de seis v\u00edtimas. O acidente ocorreu no Centro da capital sergipana e de acordo com informa\u00e7\u00f5es da assessoria de comunica\u00e7\u00e3o do Servi\u00e7o de Atendimento M\u00f3vel de Urg\u00eancia (Samu 192 Sergipe) as v\u00edtimas foram encaminhadas ao Hospital de Urg\u00eancia e Emerg\u00eancia de Sergipe (Huse) e a Unidade de Pronto Atendimento Nestor Piva.<\/p>\n<p style=\"text-align: justify;\">As circunst\u00e2ncias do acidente ainda n\u00e3o foram fornecidas pela pol\u00edcia, mas logo ap\u00f3s a colis\u00e3o envolvendo os ve\u00edculos, o Samu deslocou duas Unidades de Suporte B\u00e1sico (USB), uma de Suporte Avan\u00e7ado (USA) al\u00e9m de duas motol\u00e2ncias.<\/p>\n<p style=\"text-align: justify;\">Segundo a assessoria, o tempo de resposta entre abertura do chamado e o primeiro atendimento \u00e0s v\u00edtimas foi de 11 (onze) minutos.<\/p>\n<p style=\"text-align: justify;\">As v\u00edtimas foram identificadas pelas iniciais M.S.R (sexo feminino), 19 anos, sofreu um trauma de face leve e foi encaminhado ao Huse. T.P.S (sexo feminino),56 anos, sofreu trauma de face leve e tamb\u00e9m foi encaminhado ao Huse. M.S (sexo feminino), 40 anos, sofreu trauma de face leve e encontra-se no Huse.<\/p>\n<p style=\"text-align: justify;\">Mais tr\u00eas pessoas foram encaminhadas ao Nestor Piva. JS (sexo masculino),53 anos, sofreu ferimentos leves. D.C.S(sexo masculino),16 anos, sofreu ferimentos leves e J.S.A (sexo feminino),42 anos, sofreu ferimentos leves.<\/p>\n<p style=\"text-align: justify;\"><em>Com informa\u00e7\u00f5es do Portal Infonet<\/em><\/p>\n<p style=\"text-align: justify;\"><strong>Acompanhe o SE Not\u00edcias no <a href=\"https:\/\/twitter.com\/Senoticias\" target=\"_blank\">Twitter <\/a>e no <a href=\"https:\/\/www.facebook.com\/PortalSENoticias\/\" target=\"_blank\">Facebook<\/a><\/strong><\/p>\n","protected":false},"excerpt":{"rendered":"<p>Uma colis\u00e3o entre dois \u00f4nibus do transporte coletivo neste s\u00e1bado, 7, deixou o saldo de seis v\u00edtimas. O acidente ocorreu no Centro da capital sergipana e de acordo com informa\u00e7\u00f5es da assessoria de comunica\u00e7\u00e3o do Servi\u00e7o de Atendimento M\u00f3vel de Urg\u00eancia (Samu 192 Sergipe) as v\u00edtimas foram encaminhadas ao Hospital de Urg\u00eancia e Emerg\u00eancia de [&hellip;]<\/p>\n","protected":false},"author":1,"featured_media":85739,"comment_status":"closed","ping_status":"closed","sticky":false,"template":"","format":"standard","meta":{"footnotes":""},"categories":[38],"tags":[],"class_list":{"0":"post-85738","1":"post","2":"type-post","3":"status-publish","4":"format-standard","5":"has-post-thumbnail","7":"category-municipios"},"_links":{"self":[{"href":"https:\/\/senoticias.com.br\/se\/wp-json\/wp\/v2\/posts\/85738"}],"collection":[{"href":"https:\/\/senoticias.com.br\/se\/wp-json\/wp\/v2\/posts"}],"about":[{"href":"https:\/\/senoticias.com.br\/se\/wp-json\/wp\/v2\/types\/post"}],"author":[{"embeddable":true,"href":"https:\/\/senoticias.com.br\/se\/wp-json\/wp\/v2\/users\/1"}],"replies":[{"embeddable":true,"href":"https:\/\/senoticias.com.br\/se\/wp-json\/wp\/v2\/comments?post=85738"}],"version-history":[{"count":0,"href":"https:\/\/senoticias.com.br\/se\/wp-json\/wp\/v2\/posts\/85738\/revisions"}],"wp:featuredmedia":[{"embeddable":true,"href":"https:\/\/senoticias.com.br\/se\/wp-json\/wp\/v2\/media\/85739"}],"wp:attachment":[{"href":"https:\/\/senoticias.com.br\/se\/wp-json\/wp\/v2\/media?parent=85738"}],"wp:term":[{"taxonomy":"category","embeddable":true,"href":"https:\/\/senoticias.com.br\/se\/wp-json\/wp\/v2\/categories?post=85738"},{"taxonomy":"post_tag","embeddable":true,"href":"https:\/\/senoticias.com.br\/se\/wp-json\/wp\/v2\/tags?post=85738"}],"curies":[{"name":"wp","href":"https:\/\/api.w.org\/{rel}","templated":true}]}}