{"id":85735,"date":"2015-11-07T19:48:40","date_gmt":"2015-11-07T22:48:40","guid":{"rendered":"http:\/\/senoticias.com.br\/se\/?p=85735"},"modified":"2015-11-07T20:04:43","modified_gmt":"2015-11-07T23:04:43","slug":"quiosque-pega-fogo-no-bairro-jardins","status":"publish","type":"post","link":"https:\/\/senoticias.com.br\/se\/quiosque-pega-fogo-no-bairro-jardins\/","title":{"rendered":"Quiosque pega fogo no bairro Jardins"},"content":{"rendered":"<div id=\"attachment_85736\" style=\"width: 310px\" class=\"wp-caption alignright\"><a href=\"http:\/\/senoticias.com.br\/se\/wp-content\/uploads\/2015\/11\/barfogo01.jpg\"><img loading=\"lazy\" decoding=\"async\" aria-describedby=\"caption-attachment-85736\" class=\"size-medium wp-image-85736\" alt=\"Inc\u00eandio ocorreu na manh\u00e3 deste s\u00e1bado (7) no bairro Jardins (Foto: Reprodu\u00e7\u00e3o\/ TV Sergipe)\" src=\"http:\/\/senoticias.com.br\/se\/wp-content\/uploads\/2015\/11\/barfogo01-300x225.jpg\" width=\"300\" height=\"225\" srcset=\"https:\/\/senoticias.com.br\/se\/wp-content\/uploads\/2015\/11\/barfogo01-300x225.jpg 300w, https:\/\/senoticias.com.br\/se\/wp-content\/uploads\/2015\/11\/barfogo01-342x256.jpg 342w, https:\/\/senoticias.com.br\/se\/wp-content\/uploads\/2015\/11\/barfogo01-60x45.jpg 60w, https:\/\/senoticias.com.br\/se\/wp-content\/uploads\/2015\/11\/barfogo01-150x113.jpg 150w, https:\/\/senoticias.com.br\/se\/wp-content\/uploads\/2015\/11\/barfogo01-269x201.jpg 269w, https:\/\/senoticias.com.br\/se\/wp-content\/uploads\/2015\/11\/barfogo01.jpg 500w\" sizes=\"(max-width: 300px) 100vw, 300px\" \/><\/a><p id=\"caption-attachment-85736\" class=\"wp-caption-text\">Inc\u00eandio ocorreu na manh\u00e3 deste s\u00e1bado (7) no<br \/>bairro Jardins (Foto: Reprodu\u00e7\u00e3o\/ TV Sergipe)<\/p><\/div>\n<p style=\"text-align: justify;\">Um quiosque pegou fogo na manh\u00e3 deste s\u00e1bado (7) no bairro Jardins, Zona Sul de Aracaju. Segundo o Corpo de Bombeiros, as causas do inc\u00eandio n\u00e3o foram identificadas, uma equipe foi encaminhada at\u00e9 o local para realizar a per\u00edcia.<\/p>\n<p style=\"text-align: justify;\">O quiosque funcionava como um bar e lanchonete. No momento do inc\u00eandio, o estabelecimento estava fechado ao p\u00fablico.<\/p>\n<p style=\"text-align: justify;\">\u201c O vizinho ligou pra gente avisando que o bar estava em chamas. Acordei meu marido e viemos correndo , mas quando chegamos j\u00e1 estava tudo incendiado, perdemos o que tinha dentro do bar, ficou tudo destru\u00eddo. Infelizmente esse \u00e9 o nosso \u00fanico sustento e n\u00e3o sei o que fazer\u201d, conta Luciene Maria, esposa do propriet\u00e1ria do estabelecimento.<\/p>\n<p style=\"text-align: justify;\">\u201c N\u00f3s ficamos sabendo do inc\u00eandio atrav\u00e9s das redes sociais. Esse \u00e9 um local que re\u00fane v\u00e1rios amigos meus . Frequentamos o bar h\u00e1 muitos anos, existe uma liga\u00e7\u00e3o com os donos. Viemos at\u00e9 o bar pra tentar salvar alguma coisa, mas n\u00e3o deu. Agora vamos nos unir para ajudar a reconstruir o local\u201d, diz Augusto Freitas, frequentador do local.<\/p>\n<p style=\"text-align: justify;\"><em>Com informa\u00e7\u00f5es do G1, em Sergipe<\/em><\/p>\n<p style=\"text-align: justify;\"><strong>Acompanhe o SE Not\u00edcias no <a href=\"https:\/\/twitter.com\/Senoticias\" target=\"_blank\">Twitter <\/a>e no <a href=\"https:\/\/www.facebook.com\/PortalSENoticias\" target=\"_blank\">Facebook<\/a><\/strong><\/p>\n","protected":false},"excerpt":{"rendered":"<p>Um quiosque pegou fogo na manh\u00e3 deste s\u00e1bado (7) no bairro Jardins, Zona Sul de Aracaju. Segundo o Corpo de Bombeiros, as causas do inc\u00eandio n\u00e3o foram identificadas, uma equipe foi encaminhada at\u00e9 o local para realizar a per\u00edcia. O quiosque funcionava como um bar e lanchonete. No momento do inc\u00eandio, o estabelecimento estava fechado [&hellip;]<\/p>\n","protected":false},"author":1,"featured_media":85736,"comment_status":"closed","ping_status":"closed","sticky":false,"template":"","format":"standard","meta":{"footnotes":""},"categories":[38],"tags":[],"class_list":{"0":"post-85735","1":"post","2":"type-post","3":"status-publish","4":"format-standard","5":"has-post-thumbnail","7":"category-municipios"},"_links":{"self":[{"href":"https:\/\/senoticias.com.br\/se\/wp-json\/wp\/v2\/posts\/85735"}],"collection":[{"href":"https:\/\/senoticias.com.br\/se\/wp-json\/wp\/v2\/posts"}],"about":[{"href":"https:\/\/senoticias.com.br\/se\/wp-json\/wp\/v2\/types\/post"}],"author":[{"embeddable":true,"href":"https:\/\/senoticias.com.br\/se\/wp-json\/wp\/v2\/users\/1"}],"replies":[{"embeddable":true,"href":"https:\/\/senoticias.com.br\/se\/wp-json\/wp\/v2\/comments?post=85735"}],"version-history":[{"count":0,"href":"https:\/\/senoticias.com.br\/se\/wp-json\/wp\/v2\/posts\/85735\/revisions"}],"wp:featuredmedia":[{"embeddable":true,"href":"https:\/\/senoticias.com.br\/se\/wp-json\/wp\/v2\/media\/85736"}],"wp:attachment":[{"href":"https:\/\/senoticias.com.br\/se\/wp-json\/wp\/v2\/media?parent=85735"}],"wp:term":[{"taxonomy":"category","embeddable":true,"href":"https:\/\/senoticias.com.br\/se\/wp-json\/wp\/v2\/categories?post=85735"},{"taxonomy":"post_tag","embeddable":true,"href":"https:\/\/senoticias.com.br\/se\/wp-json\/wp\/v2\/tags?post=85735"}],"curies":[{"name":"wp","href":"https:\/\/api.w.org\/{rel}","templated":true}]}}