{"id":85724,"date":"2015-11-06T19:34:48","date_gmt":"2015-11-06T22:34:48","guid":{"rendered":"http:\/\/senoticias.com.br\/se\/?p=85724"},"modified":"2015-11-06T19:34:48","modified_gmt":"2015-11-06T22:34:48","slug":"prf-apreende-veiculo-com-numeracao-do-chassi-adulterada","status":"publish","type":"post","link":"https:\/\/senoticias.com.br\/se\/prf-apreende-veiculo-com-numeracao-do-chassi-adulterada\/","title":{"rendered":"PRF apreende ve\u00edculo com numera\u00e7\u00e3o do chassi adulterada"},"content":{"rendered":"<div id=\"attachment_68375\" style=\"width: 310px\" class=\"wp-caption alignright\"><a href=\"http:\/\/senoticias.com.br\/se\/wp-content\/uploads\/2014\/08\/conteudo_2_42569_20140812092535_53ea07bf8a3ef.jpg\"><img loading=\"lazy\" decoding=\"async\" aria-describedby=\"caption-attachment-68375\" class=\"size-medium wp-image-68375\" alt=\"Foto: Divulga\u00e7\u00e3o \" src=\"http:\/\/senoticias.com.br\/se\/wp-content\/uploads\/2014\/08\/conteudo_2_42569_20140812092535_53ea07bf8a3ef-300x199.jpg\" width=\"300\" height=\"199\" srcset=\"https:\/\/senoticias.com.br\/se\/wp-content\/uploads\/2014\/08\/conteudo_2_42569_20140812092535_53ea07bf8a3ef-300x199.jpg 300w, https:\/\/senoticias.com.br\/se\/wp-content\/uploads\/2014\/08\/conteudo_2_42569_20140812092535_53ea07bf8a3ef-342x227.jpg 342w, https:\/\/senoticias.com.br\/se\/wp-content\/uploads\/2014\/08\/conteudo_2_42569_20140812092535_53ea07bf8a3ef.jpg 610w\" sizes=\"(max-width: 300px) 100vw, 300px\" \/><\/a><p id=\"caption-attachment-68375\" class=\"wp-caption-text\">Foto: Divulga\u00e7\u00e3o<\/p><\/div>\n<p style=\"text-align: justify;\">Os agentes federais realizavam o trabalho de fiscaliza\u00e7\u00e3o quando abordaram um caminh\u00e3o do tipo \u2018canavieiro\u2019 com placas de Alagoas e perceberam que a numera\u00e7\u00e3o do chassi do ve\u00edculo estava adulterada. O condutor foi encaminhado \u00e0 Delegacia de Pol\u00edcia Civil, em Aracaju.<\/p>\n<p style=\"text-align: justify;\"><strong>Condutor \u00e9 detido<\/strong><\/p>\n<p style=\"text-align: justify;\">Policiais Rodovi\u00e1rios Federais detiveram na tarde de ontem,5, uma pessoa em um ve\u00edculo utilizando um r\u00e1dio transceptor sem autoriza\u00e7\u00e3o da Anatel. A a\u00e7\u00e3o aconteceu no km 85 da BR 101, em Nossa Senhora do Socorro\/SE.<\/p>\n<p style=\"text-align: justify;\">Os agentes federais realizavam fiscaliza\u00e7\u00e3o quando abordaram um ve\u00edculo, com placas da Alagoas, conduzido por um homem de 46 anos. No ve\u00edculo encontrava-se instalado um equipamento de r\u00e1dio sem autoriza\u00e7\u00e3o da Anatel. Foram adotadas as medidas administrativas e o material encaminhado para a sede da Anatel em Aracaju. O condutor foi encaminhado \u00e0 delegacia de Pol\u00edcia Civil, em Aracaju\/SE.<\/p>\n<p style=\"text-align: justify;\"><em>Do Portal Infonet, com informa\u00e7\u00f5es da Ascom PRF<\/em><\/p>\n<p style=\"text-align: justify;\"><strong>Acompanhe o SE Not\u00edcias no <a href=\"https:\/\/twitter.com\/Senoticias\" target=\"_blank\">Twitter <\/a>e no <a href=\"https:\/\/www.facebook.com\/PortalSENoticias\/\" target=\"_blank\">Facebook<\/a><\/strong><\/p>\n","protected":false},"excerpt":{"rendered":"<p>Os agentes federais realizavam o trabalho de fiscaliza\u00e7\u00e3o quando abordaram um caminh\u00e3o do tipo \u2018canavieiro\u2019 com placas de Alagoas e perceberam que a numera\u00e7\u00e3o do chassi do ve\u00edculo estava adulterada. O condutor foi encaminhado \u00e0 Delegacia de Pol\u00edcia Civil, em Aracaju. Condutor \u00e9 detido Policiais Rodovi\u00e1rios Federais detiveram na tarde de ontem,5, uma pessoa em [&hellip;]<\/p>\n","protected":false},"author":1,"featured_media":68375,"comment_status":"closed","ping_status":"closed","sticky":false,"template":"","format":"standard","meta":{"footnotes":""},"categories":[7],"tags":[],"class_list":{"0":"post-85724","1":"post","2":"type-post","3":"status-publish","4":"format-standard","5":"has-post-thumbnail","7":"category-policia"},"_links":{"self":[{"href":"https:\/\/senoticias.com.br\/se\/wp-json\/wp\/v2\/posts\/85724"}],"collection":[{"href":"https:\/\/senoticias.com.br\/se\/wp-json\/wp\/v2\/posts"}],"about":[{"href":"https:\/\/senoticias.com.br\/se\/wp-json\/wp\/v2\/types\/post"}],"author":[{"embeddable":true,"href":"https:\/\/senoticias.com.br\/se\/wp-json\/wp\/v2\/users\/1"}],"replies":[{"embeddable":true,"href":"https:\/\/senoticias.com.br\/se\/wp-json\/wp\/v2\/comments?post=85724"}],"version-history":[{"count":0,"href":"https:\/\/senoticias.com.br\/se\/wp-json\/wp\/v2\/posts\/85724\/revisions"}],"wp:featuredmedia":[{"embeddable":true,"href":"https:\/\/senoticias.com.br\/se\/wp-json\/wp\/v2\/media\/68375"}],"wp:attachment":[{"href":"https:\/\/senoticias.com.br\/se\/wp-json\/wp\/v2\/media?parent=85724"}],"wp:term":[{"taxonomy":"category","embeddable":true,"href":"https:\/\/senoticias.com.br\/se\/wp-json\/wp\/v2\/categories?post=85724"},{"taxonomy":"post_tag","embeddable":true,"href":"https:\/\/senoticias.com.br\/se\/wp-json\/wp\/v2\/tags?post=85724"}],"curies":[{"name":"wp","href":"https:\/\/api.w.org\/{rel}","templated":true}]}}