{"id":85722,"date":"2015-11-06T19:26:49","date_gmt":"2015-11-06T22:26:49","guid":{"rendered":"http:\/\/senoticias.com.br\/se\/?p=85722"},"modified":"2015-11-06T19:26:49","modified_gmt":"2015-11-06T22:26:49","slug":"ufs-campus-de-lagarto-tera-seguranca-reforcada","status":"publish","type":"post","link":"https:\/\/senoticias.com.br\/se\/ufs-campus-de-lagarto-tera-seguranca-reforcada\/","title":{"rendered":"UFS: Campus de Lagarto ter\u00e1 seguran\u00e7a refor\u00e7ada"},"content":{"rendered":"<div id=\"attachment_66738\" style=\"width: 310px\" class=\"wp-caption alignright\"><a href=\"http:\/\/senoticias.com.br\/se\/wp-content\/uploads\/2014\/07\/dsc_1577-e1425043817498.jpg\"><img loading=\"lazy\" decoding=\"async\" aria-describedby=\"caption-attachment-66738\" class=\"size-medium wp-image-66738\" alt=\"(Foto: Marina Fontenele\/G1 SE)\" src=\"http:\/\/senoticias.com.br\/se\/wp-content\/uploads\/2014\/07\/dsc_1577-300x225.jpg\" width=\"300\" height=\"225\" \/><\/a><p id=\"caption-attachment-66738\" class=\"wp-caption-text\">(Foto: Marina Fontenele\/G1 SE)<\/p><\/div>\n<p style=\"text-align: justify;\">Na noite de ontem (05), o reitor da Universidade Federal de Sergipe (UFS), Angelo Roberto Antoniolli, e o diretor do Campus de Lagarto, Mario Adriano, foram recebidos pelo secret\u00e1rio de Seguran\u00e7a P\u00fablica de Sergipe, Mendon\u00e7a Prado, para discutir estrat\u00e9gias de fortalecimento da seguran\u00e7a no munic\u00edpio de Lagarto, principalmente no entorno da sede do Campus Universit\u00e1rio.<\/p>\n<p style=\"text-align: justify;\">A necessidade do refor\u00e7o nas a\u00e7\u00f5es de combate \u00e0 viol\u00eancia na regi\u00e3o se torna ainda mais urgente neste momento em que a grande movimenta\u00e7\u00e3o nas imedia\u00e7\u00f5es do Campus tem atra\u00eddo pessoas mal intencionadas. Nos \u00faltimos dias, algumas ocorr\u00eancias foram registradas na sa\u00edda do Campus.<\/p>\n<p style=\"text-align: justify;\">Diante da situa\u00e7\u00e3o, e prezando pela tranquilidade da comunidade universit\u00e1ria, os gestores da UFS solicitaram refor\u00e7o para a Secretaria de Seguran\u00e7a P\u00fablica (SSP) e foram prontamente apoiados pelo secret\u00e1rio Mendon\u00e7a Prado. De forma imediata ser\u00e3o formalizadas a\u00e7\u00f5es de seguran\u00e7a estabelecidas entre a dire\u00e7\u00e3o do Campus de Lagarto e a Guarda Civil Metropolitana do munic\u00edpio, ajustadas com o Secret\u00e1rio Municipal da Ordem P\u00fablica e da Defesa da Cidadania, K\u00e9rcio Pinto, e com o Batalh\u00e3o de Pol\u00edcia Militar (BPM). As rondas na \u00e1rea ser\u00e3o refor\u00e7adas nos hor\u00e1rios de maior movimenta\u00e7\u00e3o.<\/p>\n<p style=\"text-align: justify;\">Al\u00e9m disso o Major Kleberson Pinheiro, comandante do BPM de Lagarto, se comprometeu a integrar o sistema de monitoramento eletr\u00f4nico do campus, que ser\u00e1 instalado a partir da pr\u00f3xima semana, ao da Pol\u00edcia Militar. Este acompanhamento em tempo real permitir\u00e1 que os policiais se locomovam com mais rapidez caso seja flagrada alguma ocorr\u00eancia no Campus. As c\u00e2meras de seguran\u00e7a ser\u00e3o instaladas inicialmente em locais estrat\u00e9gicos, mas o sistema ser\u00e1 ampliado ap\u00f3s a finaliza\u00e7\u00e3o de um estudo que identificar\u00e1 os pontos de vulnerabilidade do local.<br \/>\nOutra a\u00e7\u00e3o estabelecida foi a autoriza\u00e7\u00e3o da livre circula\u00e7\u00e3o de ve\u00edculos da Guarda Civil e da Pol\u00edcia Militar nas vias internas do Campus Universit\u00e1rio de Lagarto durante este per\u00edodo inicial de adapta\u00e7\u00e3o. Tamb\u00e9m ser\u00e1 refor\u00e7ada a capacidade de mobilidade dos vigilantes do Campus com motocicletas ou outro tipo de ve\u00edculo, ainda a ser definido.<\/p>\n<p style=\"text-align: justify;\">A gest\u00e3o da UFS j\u00e1 havia encaminhado a abertura de processo licitat\u00f3rio para a obra do cercamento do Campus de Lagarto. Ainda, em uma atua\u00e7\u00e3o conjunta entre a Reitoria da UFS e a Dire\u00e7\u00e3o do Campus de Lagarto, ser\u00e1 proposta uma agenda de trabalho na qual representantes dos diret\u00f3rios acad\u00eamicos, dos docentes e dos servidores t\u00e9cnico-administrativos construam juntos com a gest\u00e3o a pol\u00edtica de seguran\u00e7a no Campus. Tudo isso sem isolar o acesso da comunidade externa, permitindo que esta se integre \u00e0s a\u00e7\u00f5es promovidas pela UFS.<\/p>\n<p style=\"text-align: justify;\"><em>Fonte: UFS<\/em><\/p>\n<p style=\"text-align: justify;\"><strong>Acompanhe o SE Not\u00edcias no <a href=\"https:\/\/twitter.com\/Senoticias\" target=\"_blank\">Twitter <\/a>e no <a href=\"https:\/\/www.facebook.com\/PortalSENoticias\/\" target=\"_blank\">Facebook<\/a><\/strong><\/p>\n","protected":false},"excerpt":{"rendered":"<p>Na noite de ontem (05), o reitor da Universidade Federal de Sergipe (UFS), Angelo Roberto Antoniolli, e o diretor do Campus de Lagarto, Mario Adriano, foram recebidos pelo secret\u00e1rio de Seguran\u00e7a P\u00fablica de Sergipe, Mendon\u00e7a Prado, para discutir estrat\u00e9gias de fortalecimento da seguran\u00e7a no munic\u00edpio de Lagarto, principalmente no entorno da sede do Campus Universit\u00e1rio. [&hellip;]<\/p>\n","protected":false},"author":1,"featured_media":66738,"comment_status":"closed","ping_status":"closed","sticky":false,"template":"","format":"standard","meta":{"footnotes":""},"categories":[44],"tags":[],"class_list":{"0":"post-85722","1":"post","2":"type-post","3":"status-publish","4":"format-standard","5":"has-post-thumbnail","7":"category-educacao"},"_links":{"self":[{"href":"https:\/\/senoticias.com.br\/se\/wp-json\/wp\/v2\/posts\/85722"}],"collection":[{"href":"https:\/\/senoticias.com.br\/se\/wp-json\/wp\/v2\/posts"}],"about":[{"href":"https:\/\/senoticias.com.br\/se\/wp-json\/wp\/v2\/types\/post"}],"author":[{"embeddable":true,"href":"https:\/\/senoticias.com.br\/se\/wp-json\/wp\/v2\/users\/1"}],"replies":[{"embeddable":true,"href":"https:\/\/senoticias.com.br\/se\/wp-json\/wp\/v2\/comments?post=85722"}],"version-history":[{"count":0,"href":"https:\/\/senoticias.com.br\/se\/wp-json\/wp\/v2\/posts\/85722\/revisions"}],"wp:featuredmedia":[{"embeddable":true,"href":"https:\/\/senoticias.com.br\/se\/wp-json\/wp\/v2\/media\/66738"}],"wp:attachment":[{"href":"https:\/\/senoticias.com.br\/se\/wp-json\/wp\/v2\/media?parent=85722"}],"wp:term":[{"taxonomy":"category","embeddable":true,"href":"https:\/\/senoticias.com.br\/se\/wp-json\/wp\/v2\/categories?post=85722"},{"taxonomy":"post_tag","embeddable":true,"href":"https:\/\/senoticias.com.br\/se\/wp-json\/wp\/v2\/tags?post=85722"}],"curies":[{"name":"wp","href":"https:\/\/api.w.org\/{rel}","templated":true}]}}