{"id":85719,"date":"2015-11-06T19:22:39","date_gmt":"2015-11-06T22:22:39","guid":{"rendered":"http:\/\/senoticias.com.br\/se\/?p=85719"},"modified":"2015-11-06T19:23:23","modified_gmt":"2015-11-06T22:23:23","slug":"tentativa-de-assalto-provoca-tombamento-de-caminhao-e-passageiro-sergipano-morre","status":"publish","type":"post","link":"https:\/\/senoticias.com.br\/se\/tentativa-de-assalto-provoca-tombamento-de-caminhao-e-passageiro-sergipano-morre\/","title":{"rendered":"Tentativa de assalto provoca tombamento de caminh\u00e3o e passageiro sergipano morre"},"content":{"rendered":"<div id=\"attachment_85720\" style=\"width: 608px\" class=\"wp-caption aligncenter\"><a href=\"http:\/\/senoticias.com.br\/se\/wp-content\/uploads\/2015\/11\/internal_notice_a2d4b9ab0ecbc5d0.jpg\"><img loading=\"lazy\" decoding=\"async\" aria-describedby=\"caption-attachment-85720\" class=\" wp-image-85720 \" alt=\"Foto: Ilustrativa\" src=\"http:\/\/senoticias.com.br\/se\/wp-content\/uploads\/2015\/11\/internal_notice_a2d4b9ab0ecbc5d0.jpg\" width=\"598\" height=\"420\" \/><\/a><p id=\"caption-attachment-85720\" class=\"wp-caption-text\">Foto: Ilustrativa<\/p><\/div>\n<p style=\"text-align: justify;\">No final da noite de ontem (5), uma tentativa de assalto provocou o tombamento de um caminh\u00e3o carregado com verduras no Km 8 da BR-101, em Loreto\/BA. Janilson Santos Goes, de 24 anos, conduzia o ve\u00edculo Mercedes Benz\/L 1620 com placas de Sergipe, quando perdeu o controle do caminh\u00e3o que tombou na rodovia.<\/p>\n<p style=\"text-align: justify;\">Com o impacto, o passageiro Severino dos Anjos Lima, de 57 anos e propriet\u00e1rio do ve\u00edculo de carga, foi arremessado para fora da cabine, n\u00e3o resistiu aos ferimentos e morreu no local do acidente. J\u00e1 o condutor sofreu ferimentos graves e foi encaminhado ao Hospital Jo\u00e3o Alves, em Aracaju.<\/p>\n<p style=\"text-align: justify;\">Janilson disse aos policiais que seguia de Jaguaquara\/BA para Itabaiana transportando verduras quando percebeu a presen\u00e7a de homens armados na rodovia para uma tentativa de assalto, e por isso perdeu o controle do caminh\u00e3o.<\/p>\n<p style=\"text-align: justify;\"><em>Com informa\u00e7\u00f5es do Ajn1<\/em><\/p>\n<p style=\"text-align: justify;\"><strong>Acompanhe o SE Not\u00edcias no <a href=\"https:\/\/twitter.com\/Senoticias\" target=\"_blank\">Twitter <\/a>e no <a href=\"https:\/\/www.facebook.com\/PortalSENoticias\/\" target=\"_blank\">Facebook<\/a><\/strong><\/p>\n","protected":false},"excerpt":{"rendered":"<p>No final da noite de ontem (5), uma tentativa de assalto provocou o tombamento de um caminh\u00e3o carregado com verduras no Km 8 da BR-101, em Loreto\/BA. Janilson Santos Goes, de 24 anos, conduzia o ve\u00edculo Mercedes Benz\/L 1620 com placas de Sergipe, quando perdeu o controle do caminh\u00e3o que tombou na rodovia. Com o [&hellip;]<\/p>\n","protected":false},"author":1,"featured_media":85720,"comment_status":"closed","ping_status":"closed","sticky":false,"template":"","format":"standard","meta":{"footnotes":""},"categories":[38],"tags":[],"class_list":{"0":"post-85719","1":"post","2":"type-post","3":"status-publish","4":"format-standard","5":"has-post-thumbnail","7":"category-municipios"},"_links":{"self":[{"href":"https:\/\/senoticias.com.br\/se\/wp-json\/wp\/v2\/posts\/85719"}],"collection":[{"href":"https:\/\/senoticias.com.br\/se\/wp-json\/wp\/v2\/posts"}],"about":[{"href":"https:\/\/senoticias.com.br\/se\/wp-json\/wp\/v2\/types\/post"}],"author":[{"embeddable":true,"href":"https:\/\/senoticias.com.br\/se\/wp-json\/wp\/v2\/users\/1"}],"replies":[{"embeddable":true,"href":"https:\/\/senoticias.com.br\/se\/wp-json\/wp\/v2\/comments?post=85719"}],"version-history":[{"count":0,"href":"https:\/\/senoticias.com.br\/se\/wp-json\/wp\/v2\/posts\/85719\/revisions"}],"wp:featuredmedia":[{"embeddable":true,"href":"https:\/\/senoticias.com.br\/se\/wp-json\/wp\/v2\/media\/85720"}],"wp:attachment":[{"href":"https:\/\/senoticias.com.br\/se\/wp-json\/wp\/v2\/media?parent=85719"}],"wp:term":[{"taxonomy":"category","embeddable":true,"href":"https:\/\/senoticias.com.br\/se\/wp-json\/wp\/v2\/categories?post=85719"},{"taxonomy":"post_tag","embeddable":true,"href":"https:\/\/senoticias.com.br\/se\/wp-json\/wp\/v2\/tags?post=85719"}],"curies":[{"name":"wp","href":"https:\/\/api.w.org\/{rel}","templated":true}]}}