{"id":85716,"date":"2015-11-06T19:14:50","date_gmt":"2015-11-06T22:14:50","guid":{"rendered":"http:\/\/senoticias.com.br\/se\/?p=85716"},"modified":"2015-11-06T19:16:23","modified_gmt":"2015-11-06T22:16:23","slug":"mosquito-da-dengue-esta-resistente-a-temperatura-amena-mostra-pesquisa","status":"publish","type":"post","link":"https:\/\/senoticias.com.br\/se\/mosquito-da-dengue-esta-resistente-a-temperatura-amena-mostra-pesquisa\/","title":{"rendered":"Mosquito da dengue est\u00e1 resistente a temperatura amena, mostra pesquisa"},"content":{"rendered":"<div id=\"attachment_85717\" style=\"width: 310px\" class=\"wp-caption alignright\"><a href=\"http:\/\/senoticias.com.br\/se\/wp-content\/uploads\/2015\/11\/capture-20151106-200958.png\"><img loading=\"lazy\" decoding=\"async\" aria-describedby=\"caption-attachment-85717\" class=\"size-medium wp-image-85717\" alt=\"Foto: Reprodu\u00e7\u00e3o \/ TV Globo \" src=\"http:\/\/senoticias.com.br\/se\/wp-content\/uploads\/2015\/11\/capture-20151106-200958-300x199.png\" width=\"300\" height=\"199\" srcset=\"https:\/\/senoticias.com.br\/se\/wp-content\/uploads\/2015\/11\/capture-20151106-200958-300x199.png 300w, https:\/\/senoticias.com.br\/se\/wp-content\/uploads\/2015\/11\/capture-20151106-200958-342x227.png 342w, https:\/\/senoticias.com.br\/se\/wp-content\/uploads\/2015\/11\/capture-20151106-200958.png 509w\" sizes=\"(max-width: 300px) 100vw, 300px\" \/><\/a><p id=\"caption-attachment-85717\" class=\"wp-caption-text\">Foto: Reprodu\u00e7\u00e3o \/ TV Globo<\/p><\/div>\n<p style=\"text-align: justify;\">Os cientistas do Instituto Butantan descobriram que o Aedes Aegipt evoluiu geneticamente para sobreviver a temperaturas mais baixas. Ele agora se adapta a temperaturas mais amenas, mostrou o<a href=\"http:\/\/g1.globo.com\/sao-paulo\/noticia\/2015\/11\/mosquito-da-dengue-esta-resistente-temperatura-amena-mostra-pesquisa.html\" target=\"_blank\"><strong> SPTV<\/strong><\/a>.<\/p>\n<p style=\"text-align: justify;\">Os pesquisadores encontraram mosquitos com tamanho e formato de asas diferentes. S\u00e3o mudan\u00e7as muito maiores que as esperadas para essa esp\u00e9cie. O estudo come\u00e7ou em 2011 com 150 f\u00eameas do mosquito e durou mais de um ano.<\/p>\n<p style=\"text-align: justify;\">O coordenador da pesquisa, Lincoln Suedesk, disse que essa mudan\u00e7a surpreendeu os pesquisadores. &#8220;Era presumida que a evolu\u00e7\u00e3o era r\u00e1pida, mas a gente n\u00e3o imaginou que era t\u00e3o r\u00e1pida&#8221;.<\/p>\n<p style=\"text-align: justify;\">A Secretaria Estadual de Sa\u00fade informou que at\u00e9 setembro, mais de 600 mil pessoas contra\u00edram a doen\u00e7a no estado.<\/p>\n<p style=\"text-align: justify;\">O gerente comercial Vanderlei de Arruda\u00a0est\u00e1 com a doen\u00e7a. &#8220;Algumas pessoas me ligaram para saber como eu estava, algumas\u00a0delas perguntaram &#8216;poxa, mas isso s\u00f3 d\u00e1 no vers\u00e3o, porque issso&#8230; voc\u00ea tem certeza que \u00e9 dengue mesmo, que agora n\u00e3o \u00e9 \u00e9poca disso'&#8221;.<\/p>\n<p style=\"text-align: justify;\">Na capital, 99 mil pessoas pegaram dengue e 22 morreram. Quase metade dos casos foi na Zona Norte.<\/p>\n<p style=\"text-align: justify;\"><strong>Vacina<\/strong><\/p>\n<p style=\"text-align: justify;\">O governo de S\u00e3o Paulo e o governo federal querem acelerar os testes da vacina contra a dengue estudada pelo Instituto Butantan em 13 mil pessoas. Ainda est\u00e3o sendo feito testes, mas a vacia pode sair s\u00f3 em 2018.<\/p>\n<p style=\"text-align: justify;\">A vacina, que come\u00e7ou a ser elaborada h\u00e1 dois anos, deu bons resultados em fases anteriores. Os pesquisadores do instituto e da Faculdade de Medicina da USP fizeram a vacina com o v\u00edrus da dengue enfraquecido. Ela foi fabricada para combater os quatro tipos de v\u00edrus que existem no pa\u00eds em uma \u00fanica dose.<\/p>\n<p style=\"text-align: justify;\">Na primeira fase, 50 volunt\u00e1rios foram vacinados e, na segunda fase, 130 pessoas. Os cientistas dizem que os resultados s\u00e3o promissores.<\/p>\n<p style=\"text-align: justify;\">Para ser um volunt\u00e1rio na fase 2 dos testes da vacina, \u00e9 necess\u00e1rio j\u00e1 ter contra\u00eddo dengue e ter entre 18 e 60 anos. Preenchendo esses requisitos, basta ligar para a Faculdade de Medicina da USP no telefone: 2661.3344.<\/p>\n<p style=\"text-align: justify;\"><em>Com informa\u00e7\u00f5es do G1, em S\u00e3o Paulo<\/em><\/p>\n<p style=\"text-align: justify;\"><strong>Acompanhe o SE Not\u00edcias no <a href=\"https:\/\/twitter.com\/Senoticias\" target=\"_blank\">Twitter <\/a>e no <a href=\"https:\/\/www.facebook.com\/PortalSENoticias\/\" target=\"_blank\">Facebook<\/a><\/strong><\/p>\n","protected":false},"excerpt":{"rendered":"<p>Os cientistas do Instituto Butantan descobriram que o Aedes Aegipt evoluiu geneticamente para sobreviver a temperaturas mais baixas. Ele agora se adapta a temperaturas mais amenas, mostrou o SPTV. Os pesquisadores encontraram mosquitos com tamanho e formato de asas diferentes. S\u00e3o mudan\u00e7as muito maiores que as esperadas para essa esp\u00e9cie. O estudo come\u00e7ou em 2011 [&hellip;]<\/p>\n","protected":false},"author":1,"featured_media":85717,"comment_status":"closed","ping_status":"closed","sticky":false,"template":"","format":"standard","meta":{"footnotes":""},"categories":[1],"tags":[],"class_list":{"0":"post-85716","1":"post","2":"type-post","3":"status-publish","4":"format-standard","5":"has-post-thumbnail","7":"category-sem-categoria"},"_links":{"self":[{"href":"https:\/\/senoticias.com.br\/se\/wp-json\/wp\/v2\/posts\/85716"}],"collection":[{"href":"https:\/\/senoticias.com.br\/se\/wp-json\/wp\/v2\/posts"}],"about":[{"href":"https:\/\/senoticias.com.br\/se\/wp-json\/wp\/v2\/types\/post"}],"author":[{"embeddable":true,"href":"https:\/\/senoticias.com.br\/se\/wp-json\/wp\/v2\/users\/1"}],"replies":[{"embeddable":true,"href":"https:\/\/senoticias.com.br\/se\/wp-json\/wp\/v2\/comments?post=85716"}],"version-history":[{"count":0,"href":"https:\/\/senoticias.com.br\/se\/wp-json\/wp\/v2\/posts\/85716\/revisions"}],"wp:featuredmedia":[{"embeddable":true,"href":"https:\/\/senoticias.com.br\/se\/wp-json\/wp\/v2\/media\/85717"}],"wp:attachment":[{"href":"https:\/\/senoticias.com.br\/se\/wp-json\/wp\/v2\/media?parent=85716"}],"wp:term":[{"taxonomy":"category","embeddable":true,"href":"https:\/\/senoticias.com.br\/se\/wp-json\/wp\/v2\/categories?post=85716"},{"taxonomy":"post_tag","embeddable":true,"href":"https:\/\/senoticias.com.br\/se\/wp-json\/wp\/v2\/tags?post=85716"}],"curies":[{"name":"wp","href":"https:\/\/api.w.org\/{rel}","templated":true}]}}