{"id":85706,"date":"2015-11-06T17:51:30","date_gmt":"2015-11-06T20:51:30","guid":{"rendered":"http:\/\/senoticias.com.br\/se\/?p=85706"},"modified":"2015-11-09T14:39:40","modified_gmt":"2015-11-09T17:39:40","slug":"prefeita-e-vereadores-entregam-oficio-a-mendonca-prado-cobrando-mais-seguranca-em-itaporanga","status":"publish","type":"post","link":"https:\/\/senoticias.com.br\/se\/prefeita-e-vereadores-entregam-oficio-a-mendonca-prado-cobrando-mais-seguranca-em-itaporanga\/","title":{"rendered":"Prefeita e vereadores entregam of\u00edcio a Mendon\u00e7a Prado cobrando mais Seguran\u00e7a em Itaporanga"},"content":{"rendered":"<p style=\"text-align: justify;\">A prefeita de Itaporanga D\u2019Ajuda, Maria das Gra\u00e7as (Gracinha), acompanhada pelos vereadores Ricardo Possid\u00f4nio, Celinha Sobral, Mariza da Mata, Marcelo Anchieta e Renatinho de Z\u00e9 de Lili (presidente da C\u00e2mara), estiveram reunidos nesta sexta-feira (06) com o secret\u00e1rio da Seguran\u00e7a P\u00fablica, Mendon\u00e7a Prado.<\/p>\n<div id=\"attachment_85708\" style=\"width: 608px\" class=\"wp-caption aligncenter\"><a href=\"http:\/\/senoticias.com.br\/se\/wp-content\/uploads\/2015\/11\/DSC_0293-e1446843477795.jpg\"><img loading=\"lazy\" decoding=\"async\" aria-describedby=\"caption-attachment-85708\" class=\"size-full wp-image-85708\" alt=\"Prefeita e vereadores solicitaram refor\u00e7o policial ao Governo Estadual. O secret\u00e1rio de Estado da Seguran\u00e7a P\u00fablica, Mendon\u00e7a Prado, garantiu que adotar\u00e1 medidas emergenciais para dar uma resposta mais imediata \u00e0 popula\u00e7\u00e3o.(Foto: Ascom\/Itaporanga) \" src=\"http:\/\/senoticias.com.br\/se\/wp-content\/uploads\/2015\/11\/DSC_0293-e1446843477795.jpg\" width=\"598\" height=\"397\" \/><\/a><p id=\"caption-attachment-85708\" class=\"wp-caption-text\">Prefeita e vereadores solicitaram refor\u00e7o policial ao Governo Estadual. O secret\u00e1rio de Estado da Seguran\u00e7a P\u00fablica, Mendon\u00e7a Prado, garantiu que adotar\u00e1 medidas emergenciais para dar uma resposta mais imediata \u00e0 popula\u00e7\u00e3o. (Foto: Ascom\/Itaporanga)<\/p><\/div>\n<p style=\"text-align: justify;\">A reuni\u00e3o teve por finalidade refor\u00e7ar o pedido por mais policiamento em Itaporanga e entregar um of\u00edcio ao Secret\u00e1rio Estadual de Seguran\u00e7a solicitando medidas imediatas para reduzir os \u00edndices de viol\u00eancia e criminalidade registrados no munic\u00edpio.<\/p>\n<div id=\"attachment_85709\" style=\"width: 608px\" class=\"wp-caption aligncenter\"><a href=\"http:\/\/senoticias.com.br\/se\/wp-content\/uploads\/2015\/11\/DSC_0277-e1446843934750.jpg\"><img loading=\"lazy\" decoding=\"async\" aria-describedby=\"caption-attachment-85709\" class=\"size-full wp-image-85709\" alt=\" Prefeita pede refor\u00e7o policial ao Secret\u00e1rio Estadual da Seguran\u00e7a P\u00fablica. (Foto: Ascom\/Itaporanga)\" src=\"http:\/\/senoticias.com.br\/se\/wp-content\/uploads\/2015\/11\/DSC_0277-e1446843934750.jpg\" width=\"598\" height=\"397\" \/><\/a><p id=\"caption-attachment-85709\" class=\"wp-caption-text\"><br \/>Prefeita pede refor\u00e7o policial ao Secret\u00e1rio Estadual da Seguran\u00e7a P\u00fablica. (Foto: Ascom\/Itaporanga)<\/p><\/div>\n<p style=\"text-align: justify;\">Para a prefeita Gracinha, que j\u00e1 esteve reunida com o secret\u00e1rio para cobrar mais seguran\u00e7a para o munic\u00edpio, o encontro com Mendon\u00e7a Prado foi bastante produtivo.<\/p>\n<p style=\"text-align: justify;\">\u201cTivemos um encontro muito bom com o secret\u00e1rio Mendon\u00e7a Prado que ouviu mais uma vez as nossas reivindica\u00e7\u00f5es, juntamente com os nossos vereadores. O secret\u00e1rio confirmou o que j\u00e1 tinha nos prometido na reuni\u00e3o passada, inclusive, inserindo Itaporanga no Programa Brasil Mais Seguro, o que vai melhorar a seguran\u00e7a em nosso munic\u00edpio\u201d, explica a prefeita.<\/p>\n<p style=\"text-align: justify;\">O vereador Renatinho de Z\u00e9 de Lili, presidente da C\u00e2mara Municipal, elogiou a disposi\u00e7\u00e3o do secret\u00e1rio em atender e receber a prefeita e os vereadores.<\/p>\n<p style=\"text-align: justify;\">\u201cEstou certo de que as coisas ser\u00e3o diferentes e, acredito que o secret\u00e1rio ter\u00e1 uma aten\u00e7\u00e3o maior aos nossos pedidos. Aproveitamos, tamb\u00e9m, para refor\u00e7ar a cobran\u00e7a que a nossa prefeita j\u00e1 tinha feito antes em rela\u00e7\u00e3o ao refor\u00e7o policial em nosso munic\u00edpio\u201d, diz Renatinho.<\/p>\n<p style=\"text-align: justify;\">Mesma opini\u00e3o tem o vereador Marcelo Anchieta que \u00e9 um profissional da \u00e1rea de seguran\u00e7a p\u00fablica. \u201cN\u00e3o d\u00e1 mais para esperar. Precisamos, senhor secret\u00e1rio, de planejamento, de responsabilidades, de atitudes en\u00e9rgicas contra o crime organizado\u201d. E complementou: \u201c\u00c9 necess\u00e1rio fazer uma a\u00e7\u00e3o conjunta da Pol\u00edcia Civil com a Pol\u00edcia Militar&#8221;, disse o parlamentar.<\/p>\n<div id=\"attachment_85710\" style=\"width: 608px\" class=\"wp-caption aligncenter\"><a href=\"http:\/\/senoticias.com.br\/se\/wp-content\/uploads\/2015\/11\/DSC_0251-e1446844211738.jpg\"><img loading=\"lazy\" decoding=\"async\" aria-describedby=\"caption-attachment-85710\" class=\"size-full wp-image-85710\" alt=\" Dentre as reivindica\u00e7\u00f5es do Munic\u00edpio est\u00e3o o aumento do contingente da Pol\u00edcia Militar e da Pol\u00edcia Civil, mais viaturas, implantar o policiamento do Pelot\u00e3o de Cavalaria, GETAM , Choque e Radiopatrulha e o PEPAC. (Foto: Ascom\/Itaporanga)\" src=\"http:\/\/senoticias.com.br\/se\/wp-content\/uploads\/2015\/11\/DSC_0251-e1446844211738.jpg\" width=\"598\" height=\"397\" \/><\/a><p id=\"caption-attachment-85710\" class=\"wp-caption-text\"><br \/>Dentre as reivindica\u00e7\u00f5es do Munic\u00edpio est\u00e3o o aumento do contingente da Pol\u00edcia Militar e da Pol\u00edcia Civil, mais viaturas, implantar o policiamento do Pelot\u00e3o de Cavalaria, GETAM , Choque e Radiopatrulha e o PEPAC. (Foto: Ascom\/Itaporanga)<\/p><\/div>\n<p style=\"text-align: justify;\">Al\u00e9m da prefeita e dos vereadores, tamb\u00e9m participaram da reuni\u00e3o na sede da Secretaria de Seguran\u00e7a P\u00fablica, o coronel Luiz de Azevedo, Comandante do Policiamento Militar da capital (CPMI) e a delegada de Pol\u00edcia Civil, Nalile Bispo (representando\u00a0o delegado\u2013geral da Pol\u00edcia Civil, Everton Santos).\u00a0Al\u00e9m do Assessor de Comunica\u00e7\u00e3o, Or\u00e1cio Oliveira.<\/p>\n<p style=\"text-align: justify;\"><strong>Acompanhe o SE Not\u00edcias no\u00a0<a href=\"https:\/\/twitter.com\/Senoticias\" target=\"_blank\">Twitter\u00a0<\/a>e no\u00a0<a href=\"https:\/\/www.facebook.com\/PortalSENoticias\/\" target=\"_blank\">Facebook<\/a><\/strong><\/p>\n","protected":false},"excerpt":{"rendered":"<p>A prefeita de Itaporanga D\u2019Ajuda, Maria das Gra\u00e7as (Gracinha), acompanhada pelos vereadores Ricardo Possid\u00f4nio, Celinha Sobral, Mariza da Mata, Marcelo Anchieta e Renatinho de Z\u00e9 de Lili (presidente da C\u00e2mara), estiveram reunidos nesta sexta-feira (06) com o secret\u00e1rio da Seguran\u00e7a P\u00fablica, Mendon\u00e7a Prado. A reuni\u00e3o teve por finalidade refor\u00e7ar o pedido por mais policiamento em [&hellip;]<\/p>\n","protected":false},"author":1,"featured_media":85708,"comment_status":"closed","ping_status":"closed","sticky":false,"template":"","format":"standard","meta":{"footnotes":""},"categories":[38,6],"tags":[],"class_list":{"0":"post-85706","1":"post","2":"type-post","3":"status-publish","4":"format-standard","5":"has-post-thumbnail","7":"category-municipios","8":"category-politica"},"_links":{"self":[{"href":"https:\/\/senoticias.com.br\/se\/wp-json\/wp\/v2\/posts\/85706"}],"collection":[{"href":"https:\/\/senoticias.com.br\/se\/wp-json\/wp\/v2\/posts"}],"about":[{"href":"https:\/\/senoticias.com.br\/se\/wp-json\/wp\/v2\/types\/post"}],"author":[{"embeddable":true,"href":"https:\/\/senoticias.com.br\/se\/wp-json\/wp\/v2\/users\/1"}],"replies":[{"embeddable":true,"href":"https:\/\/senoticias.com.br\/se\/wp-json\/wp\/v2\/comments?post=85706"}],"version-history":[{"count":0,"href":"https:\/\/senoticias.com.br\/se\/wp-json\/wp\/v2\/posts\/85706\/revisions"}],"wp:featuredmedia":[{"embeddable":true,"href":"https:\/\/senoticias.com.br\/se\/wp-json\/wp\/v2\/media\/85708"}],"wp:attachment":[{"href":"https:\/\/senoticias.com.br\/se\/wp-json\/wp\/v2\/media?parent=85706"}],"wp:term":[{"taxonomy":"category","embeddable":true,"href":"https:\/\/senoticias.com.br\/se\/wp-json\/wp\/v2\/categories?post=85706"},{"taxonomy":"post_tag","embeddable":true,"href":"https:\/\/senoticias.com.br\/se\/wp-json\/wp\/v2\/tags?post=85706"}],"curies":[{"name":"wp","href":"https:\/\/api.w.org\/{rel}","templated":true}]}}