{"id":85703,"date":"2015-11-06T17:02:34","date_gmt":"2015-11-06T20:02:34","guid":{"rendered":"http:\/\/senoticias.com.br\/se\/?p=85703"},"modified":"2015-11-09T22:24:12","modified_gmt":"2015-11-10T01:24:12","slug":"funcionario-e-suspeito-de-desviar-carga-de-r-168-mil","status":"publish","type":"post","link":"https:\/\/senoticias.com.br\/se\/funcionario-e-suspeito-de-desviar-carga-de-r-168-mil\/","title":{"rendered":"Funcion\u00e1rio \u00e9 suspeito de desviar carga de R$ 168 mil"},"content":{"rendered":"<p style=\"text-align: justify;\">\n<p style=\"text-align: justify;\">Ap\u00f3s um m\u00eas de investiga\u00e7\u00e3o, policiais civis da 4\u00aa Delegacia Metropolitana elucidaram, na manh\u00e3 desta sexta-feira, 06, um crime de furto de carga de aparelhos de telefone celular, avaliada em R$ 168 mil, retirada no Aeroporto Santa Maria por um funcion\u00e1rio de uma empresa a\u00e9rea.<\/p>\n<div id=\"attachment_85704\" style=\"width: 517px\" class=\"wp-caption aligncenter\"><a href=\"http:\/\/senoticias.com.br\/se\/wp-content\/uploads\/2015\/11\/c8df366a-bbab-4585.jpeg\"><img loading=\"lazy\" decoding=\"async\" aria-describedby=\"caption-attachment-85704\" class=\"size-full wp-image-85704\" alt=\"Carga de celulares foi furtada do Aeroporto de Aracaju. (Foto: SSP\/SE)\" src=\"http:\/\/senoticias.com.br\/se\/wp-content\/uploads\/2015\/11\/c8df366a-bbab-4585.jpeg\" width=\"507\" height=\"380\" srcset=\"https:\/\/senoticias.com.br\/se\/wp-content\/uploads\/2015\/11\/c8df366a-bbab-4585.jpeg 507w, https:\/\/senoticias.com.br\/se\/wp-content\/uploads\/2015\/11\/c8df366a-bbab-4585-300x224.jpeg 300w, https:\/\/senoticias.com.br\/se\/wp-content\/uploads\/2015\/11\/c8df366a-bbab-4585-342x256.jpeg 342w, https:\/\/senoticias.com.br\/se\/wp-content\/uploads\/2015\/11\/c8df366a-bbab-4585-60x45.jpeg 60w, https:\/\/senoticias.com.br\/se\/wp-content\/uploads\/2015\/11\/c8df366a-bbab-4585-150x113.jpeg 150w, https:\/\/senoticias.com.br\/se\/wp-content\/uploads\/2015\/11\/c8df366a-bbab-4585-269x201.jpeg 269w\" sizes=\"(max-width: 507px) 100vw, 507px\" \/><\/a><p id=\"caption-attachment-85704\" class=\"wp-caption-text\">Carga de celulares foi furtada do Aeroporto de Aracaju. (Foto: SSP\/SE)<\/p><\/div>\n<p style=\"text-align: justify;\">\n<p>&nbsp;<\/p>\n<p style=\"text-align: justify;\">De acordo com os delegados Marcos Jos\u00e9 Garcia da Rocha e Mayara Fernanda Moinhos, coordenadores da opera\u00e7\u00e3o, as investiga\u00e7\u00f5es tiveram in\u00edcio em outubro deste ano, ap\u00f3s den\u00fancia feita pela empresa a\u00e9rea. \u201cFomos acionados a fim de averiguar o desaparecimento da carga e o poss\u00edvel envolvimento de um funcion\u00e1rio no delito. Com as investiga\u00e7\u00f5es, conseguimos identificar a autoria do crime\u201d, disse o delegado Marcos Jos\u00e9.<\/p>\n<p style=\"text-align: justify;\">Em depoimento, o funcionario confessou o furto dos 105 celulares, no valor de $1.600 cada, sendo a carga repassada pelo autor do furto para um interceptador no Centro de Aracaju, que tamb\u00e9m foi identificado. \u201cJ\u00e1 conseguimos recuperar mais de 75% da mercadoria. Estamos trabalhando para a apreens\u00e3o do restante do material\u201d, enfatizou a delegada Mayara Fernanda.<\/p>\n<p style=\"text-align: justify;\">O funcion\u00e1rio da empresa a\u00e9rea foi indiciado pelo crime de furto qualificado e o receptador pelo crime de recepta\u00e7\u00e3o de mercadorias. O inqu\u00e9rito foi conclu\u00eddo e a justi\u00e7a ir\u00e1 julgar a culpabilidade dos acusados.<\/p>\n<p>\u00a0<strong>Acompanhe o SE Not\u00edcias no\u00a0<a href=\"https:\/\/twitter.com\/Senoticias\" target=\"_blank\">Twitter\u00a0<\/a>e no\u00a0<a href=\"https:\/\/www.facebook.com\/PortalSENoticias\/\" target=\"_blank\">Facebook<\/a><\/strong><\/p>\n<p><em><strong>Informa\u00e7\u00f5es da SSP\/SE<\/strong><\/em><\/p>\n<p>&nbsp;<\/p>\n","protected":false},"excerpt":{"rendered":"<p>Ap\u00f3s um m\u00eas de investiga\u00e7\u00e3o, policiais civis da 4\u00aa Delegacia Metropolitana elucidaram, na manh\u00e3 desta sexta-feira, 06, um crime de furto de carga de aparelhos de telefone celular, avaliada em R$ 168 mil, retirada no Aeroporto Santa Maria por um funcion\u00e1rio de uma empresa a\u00e9rea. &nbsp; De acordo com os delegados Marcos Jos\u00e9 Garcia da [&hellip;]<\/p>\n","protected":false},"author":1,"featured_media":85704,"comment_status":"closed","ping_status":"closed","sticky":false,"template":"","format":"standard","meta":{"footnotes":""},"categories":[7],"tags":[],"class_list":{"0":"post-85703","1":"post","2":"type-post","3":"status-publish","4":"format-standard","5":"has-post-thumbnail","7":"category-policia"},"_links":{"self":[{"href":"https:\/\/senoticias.com.br\/se\/wp-json\/wp\/v2\/posts\/85703"}],"collection":[{"href":"https:\/\/senoticias.com.br\/se\/wp-json\/wp\/v2\/posts"}],"about":[{"href":"https:\/\/senoticias.com.br\/se\/wp-json\/wp\/v2\/types\/post"}],"author":[{"embeddable":true,"href":"https:\/\/senoticias.com.br\/se\/wp-json\/wp\/v2\/users\/1"}],"replies":[{"embeddable":true,"href":"https:\/\/senoticias.com.br\/se\/wp-json\/wp\/v2\/comments?post=85703"}],"version-history":[{"count":0,"href":"https:\/\/senoticias.com.br\/se\/wp-json\/wp\/v2\/posts\/85703\/revisions"}],"wp:featuredmedia":[{"embeddable":true,"href":"https:\/\/senoticias.com.br\/se\/wp-json\/wp\/v2\/media\/85704"}],"wp:attachment":[{"href":"https:\/\/senoticias.com.br\/se\/wp-json\/wp\/v2\/media?parent=85703"}],"wp:term":[{"taxonomy":"category","embeddable":true,"href":"https:\/\/senoticias.com.br\/se\/wp-json\/wp\/v2\/categories?post=85703"},{"taxonomy":"post_tag","embeddable":true,"href":"https:\/\/senoticias.com.br\/se\/wp-json\/wp\/v2\/tags?post=85703"}],"curies":[{"name":"wp","href":"https:\/\/api.w.org\/{rel}","templated":true}]}}