{"id":85697,"date":"2015-11-06T10:12:43","date_gmt":"2015-11-06T13:12:43","guid":{"rendered":"http:\/\/senoticias.com.br\/se\/?p=85697"},"modified":"2015-11-06T10:12:43","modified_gmt":"2015-11-06T13:12:43","slug":"procuradoria-regional-eleitoral-esclarece-posicionamento-no-processo-contra-a-susana-azevedo","status":"publish","type":"post","link":"https:\/\/senoticias.com.br\/se\/procuradoria-regional-eleitoral-esclarece-posicionamento-no-processo-contra-a-susana-azevedo\/","title":{"rendered":"Procuradoria Regional Eleitoral  esclarece posicionamento no processo contra a Susana Azevedo"},"content":{"rendered":"<p style=\"text-align: justify;\" align=\"center\"><em><span style=\"font-family: Verdana;\">\u00a0<\/span><\/em><\/p>\n<p style=\"text-align: justify;\" align=\"center\">\n<p style=\"text-align: justify;\" align=\"LEFT\">A Procuradoria Regional Eleitoral em Sergipe (PRE\/SE) esclarece que nas alega\u00e7\u00f5es finais do processo movido contra a conselheira do Tribunal de Contas do Estado Susana Azevedo pela pr\u00e1tica de conduta vedada, ajuizada em 2 de outubro, foi pedido, al\u00e9m da aplica\u00e7\u00e3o de multa no valor de R$ 106.410,00, o m\u00e1ximo permitido pela lei que rege as elei\u00e7\u00f5es, o reconhecimento de que a sua conduta \u00e9 merecedora da cassa\u00e7\u00e3o de diploma (caso, evidentemente, ela tivesse sido eleita).<\/p>\n<div id=\"attachment_81852\" style=\"width: 609px\" class=\"wp-caption aligncenter\"><a href=\"http:\/\/senoticias.com.br\/se\/wp-content\/uploads\/2015\/07\/susana-e1436982591884.jpg\"><img loading=\"lazy\" decoding=\"async\" aria-describedby=\"caption-attachment-81852\" class=\"size-full wp-image-81852\" alt=\"A conselheira do Tribunal de Contas do Estado protocolou documento pedindo corre\u00e7\u00e3o em mat\u00e9ria publicada no site da Procuradoria da Rep\u00fablica em Sergipe.(Foto: Cleverton Ribeiro\/TCE)\" src=\"http:\/\/senoticias.com.br\/se\/wp-content\/uploads\/2015\/07\/susana-e1436982591884.jpg\" width=\"599\" height=\"400\" \/><\/a><p id=\"caption-attachment-81852\" class=\"wp-caption-text\">A conselheira do Tribunal de Contas do Estado protocolou documento pedindo corre\u00e7\u00e3o em mat\u00e9ria publicada no site da Procuradoria da Rep\u00fablica em Sergipe.(Foto: Cleverton Ribeiro\/TCE)<\/p><\/div>\n<p style=\"text-align: justify;\" align=\"LEFT\">\n<p>Se no julgamento do caso, o TRE\/SE reconhecer que a conduta merece cassa\u00e7\u00e3o, tal reconhecimento tem como consequ\u00eancia, segundo decis\u00f5es do Tribunal Superior Eleitoral, a inelegibilidade da ex-deputada pelo prazo de oito anos.<\/p>\n<p>Por esse motivo, foi publicado no site da Procuradoria da Rep\u00fablica not\u00edcia, no dia 2 de outubro de 2015, que contra a conselheira Susana Azevedo tamb\u00e9m foi pedida a aplica\u00e7\u00e3o de multa e a sua inelegibilidade, por ser essa \u00faltima, efeito natural do reconhecimento de que sua conduta foi grave e justificaria a cassa\u00e7\u00e3o de seu diploma, caso tivesse sido eleita no \u00faltimo pleito.<\/p>\n<p style=\"text-align: justify;\" align=\"LEFT\"><strong>Acompanhe o SE Not\u00edcias no\u00a0<a href=\"https:\/\/twitter.com\/Senoticias\" target=\"_blank\">Twitter\u00a0<\/a>e no\u00a0<a href=\"https:\/\/www.facebook.com\/PortalSENoticias\/\" target=\"_blank\">Facebook<\/a><\/strong><\/p>\n<p style=\"text-align: justify;\" align=\"LEFT\"><em><strong>Assessoria de Comunica\u00e7\u00e3o<\/strong><\/em><br \/>\n<em><strong><span style=\"font-family: Verdana, sans-serif;\"><span style=\"font-size: small;\">Minist\u00e9rio P\u00fablico Federal em Sergipe<\/span><\/span><\/strong><\/em><\/p>\n","protected":false},"excerpt":{"rendered":"<p>\u00a0 A Procuradoria Regional Eleitoral em Sergipe (PRE\/SE) esclarece que nas alega\u00e7\u00f5es finais do processo movido contra a conselheira do Tribunal de Contas do Estado Susana Azevedo pela pr\u00e1tica de conduta vedada, ajuizada em 2 de outubro, foi pedido, al\u00e9m da aplica\u00e7\u00e3o de multa no valor de R$ 106.410,00, o m\u00e1ximo permitido pela lei que [&hellip;]<\/p>\n","protected":false},"author":1,"featured_media":40571,"comment_status":"closed","ping_status":"closed","sticky":false,"template":"","format":"standard","meta":{"footnotes":""},"categories":[6],"tags":[],"class_list":{"0":"post-85697","1":"post","2":"type-post","3":"status-publish","4":"format-standard","5":"has-post-thumbnail","7":"category-politica"},"_links":{"self":[{"href":"https:\/\/senoticias.com.br\/se\/wp-json\/wp\/v2\/posts\/85697"}],"collection":[{"href":"https:\/\/senoticias.com.br\/se\/wp-json\/wp\/v2\/posts"}],"about":[{"href":"https:\/\/senoticias.com.br\/se\/wp-json\/wp\/v2\/types\/post"}],"author":[{"embeddable":true,"href":"https:\/\/senoticias.com.br\/se\/wp-json\/wp\/v2\/users\/1"}],"replies":[{"embeddable":true,"href":"https:\/\/senoticias.com.br\/se\/wp-json\/wp\/v2\/comments?post=85697"}],"version-history":[{"count":0,"href":"https:\/\/senoticias.com.br\/se\/wp-json\/wp\/v2\/posts\/85697\/revisions"}],"wp:featuredmedia":[{"embeddable":true,"href":"https:\/\/senoticias.com.br\/se\/wp-json\/wp\/v2\/media\/40571"}],"wp:attachment":[{"href":"https:\/\/senoticias.com.br\/se\/wp-json\/wp\/v2\/media?parent=85697"}],"wp:term":[{"taxonomy":"category","embeddable":true,"href":"https:\/\/senoticias.com.br\/se\/wp-json\/wp\/v2\/categories?post=85697"},{"taxonomy":"post_tag","embeddable":true,"href":"https:\/\/senoticias.com.br\/se\/wp-json\/wp\/v2\/tags?post=85697"}],"curies":[{"name":"wp","href":"https:\/\/api.w.org\/{rel}","templated":true}]}}