{"id":85688,"date":"2015-11-05T17:47:43","date_gmt":"2015-11-05T20:47:43","guid":{"rendered":"http:\/\/senoticias.com.br\/se\/?p=85688"},"modified":"2015-11-05T17:47:43","modified_gmt":"2015-11-05T20:47:43","slug":"ministerio-publico-pede-dissolucao-de-entidade-que-recebeu-verbas","status":"publish","type":"post","link":"https:\/\/senoticias.com.br\/se\/ministerio-publico-pede-dissolucao-de-entidade-que-recebeu-verbas\/","title":{"rendered":"Minist\u00e9rio P\u00fablico pede dissolu\u00e7\u00e3o de entidade que recebeu verbas"},"content":{"rendered":"<div id=\"attachment_69923\" style=\"width: 310px\" class=\"wp-caption alignright\"><a href=\"http:\/\/senoticias.com.br\/se\/wp-content\/uploads\/2014\/09\/grande-ministerio_publico_predio_novo_2012-e1441305575657.jpg\"><img loading=\"lazy\" decoding=\"async\" aria-describedby=\"caption-attachment-69923\" class=\"size-medium wp-image-69923\" alt=\"(Foto: Reprodu\u00e7\u00e3o) \" src=\"http:\/\/senoticias.com.br\/se\/wp-content\/uploads\/2014\/09\/grande-ministerio_publico_predio_novo_2012-300x199.jpg\" width=\"300\" height=\"199\" \/><\/a><p id=\"caption-attachment-69923\" class=\"wp-caption-text\">(Foto: Reprodu\u00e7\u00e3o)<\/p><\/div>\n<p style=\"text-align: justify;\">O Minist\u00e9rio P\u00fablico de Sergipe, por interm\u00e9dio dos Promotores de Justi\u00e7a Dra. Ana Paula Machado Costa Meneses, Dra. Maria Helena Sanches Lisboa, Dr. Bruno Melo Moura e Dr. Jarbas Adelino Santos Junior, ajuizou A\u00e7\u00e3o Civil P\u00fablica de Dissolu\u00e7\u00e3o em face da associa\u00e7\u00e3o denominada \u201cVIDA \u2013 Centro de Forma\u00e7\u00e3o para o Futuro\u201d. De acordo com as investiga\u00e7\u00f5es, a entidade utilizava-se de meios fraudulentos para desviar recursos p\u00fablicos (verbas de subven\u00e7\u00e3o da Assembleia Legislativa de Sergipe \u2013 ALESE), al\u00e9m de estar administrativamente abandonada desde o ano passado.<\/p>\n<p style=\"text-align: justify;\">O \u201cVIDA \u2013 Centro de Forma\u00e7\u00e3o para o Futuro\u201d est\u00e1 inscrito no Cadastro Nacional de Pessoa Jur\u00eddica desde 11 de agosto de 1986. O estatuto da ONG elenca um vasto e subjetivo rol de finalidades, que variam desde a promo\u00e7\u00e3o de assist\u00eancia ao ensino pr\u00e9-escolar e ao ensino fundamental, passando por \u201cpromover o bem-estar social, cultural, espiritual, econ\u00f4mico e educativo da sociedade em geral\u201d, at\u00e9 a \u201corganizar os moradores com vistas \u00e0 defesa dos interesses da comunidade, de forma que assegurem uma melhor condi\u00e7\u00e3o na qualidade de vida\u201d. No entendimento do MP, essa ampla possibilidade de atua\u00e7\u00e3o, sem uma voca\u00e7\u00e3o priorit\u00e1ria, dificulta a\u00e7\u00f5es de fiscaliza\u00e7\u00e3o e controle pelos \u00f3rg\u00e3os competentes.<\/p>\n<p style=\"text-align: justify;\">No Procedimento Preparat\u00f3rio de Inqu\u00e9rito Civil, consta Representa\u00e7\u00e3o de Conduta Vedada proposta pelo Minist\u00e9rio P\u00fablico Eleitoral, noticiando que, em 2014, a entidade recebeu verbas de subven\u00e7\u00e3o da ALESE, no valor de R$ 100 mil. De acordo com as apura\u00e7\u00f5es, os recursos foram aplicados em shows e eventos festivos superfaturados. Nos autos, a representante legal da empresa \u201cLuzzy Produ\u00e7\u00f5es Art\u00edsticas\u201d declarou que foi procurada pelo presidente do \u201cVIDA\u201d, Givaldo dos Santos, interessado em \u201ccomprar\u201d notas fiscais para justificar gastos com servi\u00e7os que n\u00e3o foram prestados de fato. O MP Eleitoral pontuou ainda que n\u00e3o houve proporcionalidade entre os eventos promovidos e os valores recebidos.<\/p>\n<p style=\"text-align: justify;\">Em cumprimento a uma solicita\u00e7\u00e3o de dilig\u00eancia, a equipe do Centro de Apoio Operacional de Seguran\u00e7a P\u00fablica do MP verificou que o endere\u00e7o cadastrado na Receita Federal era, na verdade, a resid\u00eancia de Gilvado. Num outro local, indicado pelo dirigente como nova sede da entidade, os agentes encontraram um im\u00f3vel alugado, sem identifica\u00e7\u00e3o, com alguns equipamentos de inform\u00e1tica sucateados e carteiras escolares em p\u00e9ssimo estado de conserva\u00e7\u00e3o, com aspecto de abandono. Suspensos os repasses das subven\u00e7\u00f5es, a entidade deixou de funcionar, n\u00e3o promovendo sequer novas elei\u00e7\u00f5es para a diretoria e o conselho fiscal. Durante os exerc\u00edcios em que foi contemplada com verbas parlamentares (desde 2011), a associa\u00e7\u00e3o manteve-se alheia \u00e0s finalidades estatut\u00e1rias.<\/p>\n<p style=\"text-align: justify;\">Liminarmente, o Minist\u00e9rio P\u00fablico requer suspens\u00e3o imediata das atividades, bloqueio de contas banc\u00e1rias, indisponibilidade de bens, direitos e valores, bem como multa di\u00e1ria no valor de R$ 1.000,00 (mil reais) por descumprimento da decis\u00e3o judicial.<\/p>\n<p style=\"text-align: justify;\"><em>Fonte: Ascom MP<\/em><\/p>\n<p style=\"text-align: justify;\"><strong>Acompanhe o SE Not\u00edcias no <a href=\"https:\/\/twitter.com\/Senoticias\" target=\"_blank\">Twitter <\/a>e no <a href=\"https:\/\/www.facebook.com\/PortalSENoticias\/\" target=\"_blank\">Facebook<\/a><\/strong><\/p>\n","protected":false},"excerpt":{"rendered":"<p>O Minist\u00e9rio P\u00fablico de Sergipe, por interm\u00e9dio dos Promotores de Justi\u00e7a Dra. Ana Paula Machado Costa Meneses, Dra. Maria Helena Sanches Lisboa, Dr. Bruno Melo Moura e Dr. Jarbas Adelino Santos Junior, ajuizou A\u00e7\u00e3o Civil P\u00fablica de Dissolu\u00e7\u00e3o em face da associa\u00e7\u00e3o denominada \u201cVIDA \u2013 Centro de Forma\u00e7\u00e3o para o Futuro\u201d. De acordo com as [&hellip;]<\/p>\n","protected":false},"author":1,"featured_media":69923,"comment_status":"closed","ping_status":"closed","sticky":false,"template":"","format":"standard","meta":{"footnotes":""},"categories":[6],"tags":[],"class_list":{"0":"post-85688","1":"post","2":"type-post","3":"status-publish","4":"format-standard","5":"has-post-thumbnail","7":"category-politica"},"_links":{"self":[{"href":"https:\/\/senoticias.com.br\/se\/wp-json\/wp\/v2\/posts\/85688"}],"collection":[{"href":"https:\/\/senoticias.com.br\/se\/wp-json\/wp\/v2\/posts"}],"about":[{"href":"https:\/\/senoticias.com.br\/se\/wp-json\/wp\/v2\/types\/post"}],"author":[{"embeddable":true,"href":"https:\/\/senoticias.com.br\/se\/wp-json\/wp\/v2\/users\/1"}],"replies":[{"embeddable":true,"href":"https:\/\/senoticias.com.br\/se\/wp-json\/wp\/v2\/comments?post=85688"}],"version-history":[{"count":0,"href":"https:\/\/senoticias.com.br\/se\/wp-json\/wp\/v2\/posts\/85688\/revisions"}],"wp:featuredmedia":[{"embeddable":true,"href":"https:\/\/senoticias.com.br\/se\/wp-json\/wp\/v2\/media\/69923"}],"wp:attachment":[{"href":"https:\/\/senoticias.com.br\/se\/wp-json\/wp\/v2\/media?parent=85688"}],"wp:term":[{"taxonomy":"category","embeddable":true,"href":"https:\/\/senoticias.com.br\/se\/wp-json\/wp\/v2\/categories?post=85688"},{"taxonomy":"post_tag","embeddable":true,"href":"https:\/\/senoticias.com.br\/se\/wp-json\/wp\/v2\/tags?post=85688"}],"curies":[{"name":"wp","href":"https:\/\/api.w.org\/{rel}","templated":true}]}}