{"id":85679,"date":"2015-11-05T17:22:17","date_gmt":"2015-11-05T20:22:17","guid":{"rendered":"http:\/\/senoticias.com.br\/se\/?p=85679"},"modified":"2015-11-05T17:55:31","modified_gmt":"2015-11-05T20:55:31","slug":"barragem-se-rompe-causa-inundacao-e-distrito-e-esvaziado-em-mg","status":"publish","type":"post","link":"https:\/\/senoticias.com.br\/se\/barragem-se-rompe-causa-inundacao-e-distrito-e-esvaziado-em-mg\/","title":{"rendered":"Barragem se rompe e enxurrada de lama destr\u00f3i distrito em Minas Gerais"},"content":{"rendered":"<p style=\"text-align: justify;\">O rompimento de uma barragem de rejeitos de minera\u00e7\u00e3o inundou v\u00e1rias casas no distrito de Bento Rodrigues, em Mariana, na Regi\u00e3o Central de Minas Gerais, na tarde desta quinta-feira (5). Segundo informa\u00e7\u00f5es preliminares do Corpo de Bombeiros em Ouro Preto, moradores da regi\u00e3o disseram que h\u00e1 pessoas soterradas e ilhadas.<\/p>\n<div id=\"attachment_85691\" style=\"width: 608px\" class=\"wp-caption aligncenter\"><a href=\"http:\/\/senoticias.com.br\/se\/wp-content\/uploads\/2015\/11\/capture-20151105-185255.png\"><img loading=\"lazy\" decoding=\"async\" aria-describedby=\"caption-attachment-85691\" class=\" wp-image-85691 \" alt=\"Carro fica pendurado em casa ap\u00f3s rompimento de barragem em Mariana (Foto: Reprodu\u00e7\u00e3o\/Globocop) \" src=\"http:\/\/senoticias.com.br\/se\/wp-content\/uploads\/2015\/11\/capture-20151105-185255.png\" width=\"598\" height=\"460\" \/><\/a><p id=\"caption-attachment-85691\" class=\"wp-caption-text\">Carro fica pendurado em casa ap\u00f3s rompimento de barragem em Mariana (Foto: Reprodu\u00e7\u00e3o\/Globocop)<\/p><\/div>\n<p style=\"text-align: justify;\">Foram enviadas ao local viaturas e c\u00e3es farejadores auxiliam nas buscas por v\u00edtimas. O secret\u00e1rio de Defesa Social de Mariana, Br\u00e1s Azevedo, disse que a situa\u00e7\u00e3o no local \u00e9 muito grave e h\u00e1 riscos de mais desmoronamentos.<\/p>\n<p style=\"text-align: justify;\">A Barragem de Fund\u00e3o pertence \u00e0 mineradora Samarco e fica cerca de 25 km de Mariana \u2013 distrito a 100 km de Belo Horizonte.<\/p>\n<p style=\"text-align: justify;\">Em nota, a empresa confirmou o rompimento, ocorrido na mina de Germano.<\/p>\n<p style=\"text-align: justify;\">&#8220;A organiza\u00e7\u00e3o est\u00e1 mobilizando todos os esfor\u00e7os para priorizar o atendimento \u00e0s pessoas e a mitiga\u00e7\u00e3o de danos ao meio ambiente. As autoridades foram devidamente informadas e as equipes respons\u00e1veis j\u00e1 est\u00e3o no local prestando assist\u00eancia&#8221;, afirma a nota da empresa.<\/p>\n<p style=\"text-align: justify;\"><strong>Local evacuado<\/strong><\/p>\n<p style=\"text-align: justify;\">A Prefeitura de Mariana informou que o distrito est\u00e1 sendo evacuado, e a orienta\u00e7\u00e3o para os moradores \u00e9 que sigam at\u00e9 o distrito de Camargos, que \u00e9 mais alto e mais seguro.<\/p>\n<p style=\"text-align: justify;\">De acordo com o Sindicato dos Trabalhadores na Ind\u00fastria de Extra\u00e7\u00e3o de Ferro e Metais B\u00e1sicos de Mariana (Metabase), entre 15 e 16 pessoas morreram e 45 est\u00e3o desaparecidas. Por\u00e9m, ainda n\u00e3o h\u00e1 informa\u00e7\u00e3o oficial sobre n\u00famero de mortos ou feridos.<\/p>\n<p style=\"text-align: justify;\"><strong>NOTA DA SAMARCO MINERA\u00c7\u00c3O:<\/strong><\/p>\n<p style=\"text-align: justify;\">A Samarco informa que houve um rompimento de sua barragem de rejeitos, denominada Fund\u00e3o, localizada na unidade de Germano, nos munic\u00edpios de Ouro Preto e Mariana (MG). N\u00e3o \u00e9 poss\u00edvel, neste momento, confirmar as causas e extens\u00e3o do ocorrido, bem como a exist\u00eancia de v\u00edtimas. Por quest\u00e3o de seguran\u00e7a, a Samarco reitera a import\u00e2ncia de que n\u00e3o haja deslocamentos de pessoas para o local do ocorrido, exceto as equipes envolvidas no atendimento de emerg\u00eancia.<\/p>\n<p style=\"text-align: justify;\"><em>Com informa\u00e7\u00f5es do G1, em Minas Gerais<\/em><\/p>\n<p style=\"text-align: justify;\"><strong>Acompanhe o SE Not\u00edcias no <a href=\"https:\/\/twitter.com\/Senoticias\" target=\"_blank\">Twitter <\/a>e no <a href=\"https:\/\/www.facebook.com\/PortalSENoticias\" target=\"_blank\">Facebook<\/a><\/strong><\/p>\n","protected":false},"excerpt":{"rendered":"<p>O rompimento de uma barragem de rejeitos de minera\u00e7\u00e3o inundou v\u00e1rias casas no distrito de Bento Rodrigues, em Mariana, na Regi\u00e3o Central de Minas Gerais, na tarde desta quinta-feira (5). Segundo informa\u00e7\u00f5es preliminares do Corpo de Bombeiros em Ouro Preto, moradores da regi\u00e3o disseram que h\u00e1 pessoas soterradas e ilhadas. Foram enviadas ao local viaturas [&hellip;]<\/p>\n","protected":false},"author":1,"featured_media":85691,"comment_status":"closed","ping_status":"closed","sticky":false,"template":"","format":"standard","meta":{"footnotes":""},"categories":[38],"tags":[],"class_list":{"0":"post-85679","1":"post","2":"type-post","3":"status-publish","4":"format-standard","5":"has-post-thumbnail","7":"category-municipios"},"_links":{"self":[{"href":"https:\/\/senoticias.com.br\/se\/wp-json\/wp\/v2\/posts\/85679"}],"collection":[{"href":"https:\/\/senoticias.com.br\/se\/wp-json\/wp\/v2\/posts"}],"about":[{"href":"https:\/\/senoticias.com.br\/se\/wp-json\/wp\/v2\/types\/post"}],"author":[{"embeddable":true,"href":"https:\/\/senoticias.com.br\/se\/wp-json\/wp\/v2\/users\/1"}],"replies":[{"embeddable":true,"href":"https:\/\/senoticias.com.br\/se\/wp-json\/wp\/v2\/comments?post=85679"}],"version-history":[{"count":0,"href":"https:\/\/senoticias.com.br\/se\/wp-json\/wp\/v2\/posts\/85679\/revisions"}],"wp:featuredmedia":[{"embeddable":true,"href":"https:\/\/senoticias.com.br\/se\/wp-json\/wp\/v2\/media\/85691"}],"wp:attachment":[{"href":"https:\/\/senoticias.com.br\/se\/wp-json\/wp\/v2\/media?parent=85679"}],"wp:term":[{"taxonomy":"category","embeddable":true,"href":"https:\/\/senoticias.com.br\/se\/wp-json\/wp\/v2\/categories?post=85679"},{"taxonomy":"post_tag","embeddable":true,"href":"https:\/\/senoticias.com.br\/se\/wp-json\/wp\/v2\/tags?post=85679"}],"curies":[{"name":"wp","href":"https:\/\/api.w.org\/{rel}","templated":true}]}}